{"id":385,"date":"2012-07-29T13:53:18","date_gmt":"2012-07-29T13:53:18","guid":{"rendered":"http:\/\/fcpolit.unr.edu.ar\/blogs\/redaccion1-liberatore\/?p=385"},"modified":"2012-07-29T13:53:18","modified_gmt":"2012-07-29T13:53:18","slug":"resumen-comision-6-miercoles-13-de-junio","status":"publish","type":"post","link":"https:\/\/redaccion1.fcpolit.unr.edu.ar\/comision-liberatore\/2012\/07\/29\/resumen-comision-6-miercoles-13-de-junio\/","title":{"rendered":"Resumen Comisi\u00f3n 6 &#8211; mi\u00e9rcoles 13 de junio"},"content":{"rendered":"<p>Por <a href=\"http:\/\/enredaccion.bligoo.com.ar\/profile\/view\/1005640\/Franco-Centola.html\">Franco Centola<\/a><\/p>\n<p>Pude comprobar que la l\u00ednea 102 Roja tiene un trazado m\u00e1s extenso, en su recorrido por el centro, que la 101. Lamentablemente se me ocurri\u00f3 constatarlo el mi\u00e9rcoles pasado y eso retras\u00f3 20 minutos mi ingreso al aula. Al llegar tom\u00e9 asiento mientras Ana consultaba sobre cual de los distintos foros y charlas hab\u00edamos elegido y que opini\u00f3n nos merec\u00eda. Uno de mis compa\u00f1eros, no estoy seguro de quien en este momento, comentaba su experiencia haciendo referencia al foro de periodismo digital, mas espec\u00edficamente al taller \u201cCommunity Manager\u201d a cargo de Ignacio Castro y Dardo Ceballos, acerca del uso de las redes sociales en el periodismo. En mi caso, el lunes particip\u00e9 de la charla-debate a cargo de Horacio Verbitsky en el teatro \u201cEl C\u00edrculo\u201d, donde nos concedi\u00f3 herramientas para construir una mirada cr\u00edtica acerca de la responsabilidad social de los periodistas y los medios de comunicaci\u00f3nM\u00e1s tarde pasamos a hablar sobre las dudas generales de los trabajos propuestos la clase anterior. Mercedes era la \u00fanica participante junto a Ana Laura y Virginia, nuestra ayudante alumna. Revisamos el texto base n\u00famero 12: Estrategias para establecer la coherencia local.<\/p>\n<p>La coherencia local asigna los significados del texto en el nivel de la estructura de las oraciones individuales y relaciona la coherencia y la cohesi\u00f3n de una oraci\u00f3n con otras. Recuerdo que la profesora preguntaba si lo aclarado hab\u00eda sido de utilidad, si realmente se hab\u00eda entendido. Ninguno de nosotros emit\u00eda una palabra, denotando confusi\u00f3n. Espero que todos hayan logrado comprender la teor\u00eda. Compa\u00f1eros, nuestro pr\u00f3ximo encuentro es el mi\u00e9rcoles 27 de junio. El pr\u00f3ximo mi\u00e9rcoles, como saben, es el d\u00eda de la bandera. Ya esta disponible en este blog las consignas del nuevo Trabajo Pr\u00e1ctico \u201cD\u00eda del periodista&#8221; recuerden, los plazos para la entrega de trabajos pr\u00e1cticos siguen siendo de una semana para la otra, aunque \u00e9sta no nos veamos.<\/p>\n<p>El 27 es el parcial a las 18.30. Consta de todos los textos base de la Unidad 1, en ese mismo encuentro y antes de arrancar, vamos a poder consultar todas nuestras dudas. Con el 70% de los Trabajos Pr\u00e1cticos entregados y de asistencia, podremos rendir el parcial, \u00a1sean constantes y no se dejen estar!\u00a0.<\/p>\n","protected":false},"excerpt":{"rendered":"<p>Por Franco Centola Pude comprobar que la l\u00ednea 102 Roja tiene un trazado m\u00e1s extenso, en su recorrido por el centro, que la 101. Lamentablemente se me ocurri\u00f3 constatarlo el mi\u00e9rcoles pasado y eso retras\u00f3 20 minutos mi ingreso al aula. Al llegar tom\u00e9 asiento mientras Ana consultaba sobre cual de los distintos foros y [&hellip;]<\/p>\n","protected":false},"author":16,"featured_media":0,"comment_status":"open","ping_status":"open","sticky":false,"template":"","format":"standard","meta":{"footnotes":""},"categories":[7,14],"tags":[],"_links":{"self":[{"href":"https:\/\/redaccion1.fcpolit.unr.edu.ar\/comision-liberatore\/wp-json\/wp\/v2\/posts\/385"}],"collection":[{"href":"https:\/\/redaccion1.fcpolit.unr.edu.ar\/comision-liberatore\/wp-json\/wp\/v2\/posts"}],"about":[{"href":"https:\/\/redaccion1.fcpolit.unr.edu.ar\/comision-liberatore\/wp-json\/wp\/v2\/types\/post"}],"author":[{"embeddable":true,"href":"https:\/\/redaccion1.fcpolit.unr.edu.ar\/comision-liberatore\/wp-json\/wp\/v2\/users\/16"}],"replies":[{"embeddable":true,"href":"https:\/\/redaccion1.fcpolit.unr.edu.ar\/comision-liberatore\/wp-json\/wp\/v2\/comments?post=385"}],"version-history":[{"count":0,"href":"https:\/\/redaccion1.fcpolit.unr.edu.ar\/comision-liberatore\/wp-json\/wp\/v2\/posts\/385\/revisions"}],"wp:attachment":[{"href":"https:\/\/redaccion1.fcpolit.unr.edu.ar\/comision-liberatore\/wp-json\/wp\/v2\/media?parent=385"}],"wp:term":[{"taxonomy":"category","embeddable":true,"href":"https:\/\/redaccion1.fcpolit.unr.edu.ar\/comision-liberatore\/wp-json\/wp\/v2\/categories?post=385"},{"taxonomy":"post_tag","embeddable":true,"href":"https:\/\/redaccion1.fcpolit.unr.edu.ar\/comision-liberatore\/wp-json\/wp\/v2\/tags?post=385"}],"curies":[{"name":"wp","href":"https:\/\/api.w.org\/{rel}","templated":true}]}}