{"id":3798,"date":"2026-04-05T09:41:16","date_gmt":"2026-04-05T12:41:16","guid":{"rendered":"https:\/\/redaccion1.fcpolit.unr.edu.ar\/comision-liberatore\/?p=3798"},"modified":"2026-04-05T09:41:16","modified_gmt":"2026-04-05T12:41:16","slug":"bienvenidos-a-redaccion-i-comision-14h","status":"publish","type":"post","link":"https:\/\/redaccion1.fcpolit.unr.edu.ar\/comision-liberatore\/2026\/04\/05\/bienvenidos-a-redaccion-i-comision-14h\/","title":{"rendered":"BIENVENIDOS A REDACCI\u00d3N I &#8211; Comisi\u00f3n 14h"},"content":{"rendered":"<p><span style=\"font-weight: 400\"> RESUMEN 25\/03<\/span><\/p>\n<p><span style=\"font-weight: 400\">Por Joaqu\u00edn Beltrame.<\/span><\/p>\n<p style=\"text-align: right\"><i><span style=\"font-weight: 400\">Lo que hace la literatura es lo mismo que una cerilla<\/span><\/i><\/p>\n<p style=\"text-align: right\"><i><span style=\"font-weight: 400\">en medio de un campo en mitad de la noche. Una cerilla<\/span><\/i><\/p>\n<p style=\"text-align: right\"><i><span style=\"font-weight: 400\">no ilumina apenas nada, pero nos\u00a0<\/span><\/i><\/p>\n<p style=\"text-align: right\"><i><span style=\"font-weight: 400\">permite ver cu\u00e1nta oscuridad hay a su alrededor.<\/span><\/i><\/p>\n<p style=\"text-align: right\"><b>William Faulkner<\/b><\/p>\n<p>&nbsp;<\/p>\n<p><span style=\"font-weight: 400\">Mi\u00e9rcoles 25 de marzo, cerca de las 14 la puerta del ADM parec\u00eda, por primera vez, no trabarse al abrirse por completo. La misma se desliz\u00f3 suavemente hasta completar su abertura para recibir al nuevo cursado que, algunos con cara de preocupaci\u00f3n y otros con cara de emoci\u00f3n, ingresaron lentamente al aula para acomodarse frente a las imponentes computadoras del <\/span><b>\u00c1<\/b><span style=\"font-weight: 400\">rea de <\/span><b>D<\/b><span style=\"font-weight: 400\">esarrollo <\/span><b>M<\/b><span style=\"font-weight: 400\">ultimedia.\u00a0<\/span><!--more--><\/p>\n<p><span style=\"font-weight: 400\">Fue as\u00ed como unos minutos m\u00e1s tarde Ana Liberatore (docente a cargo de la c\u00e1tedra) les dio la bienvenida a Redacci\u00f3n I a los ingresantes 2026. Tras presentarse y contar un poco sobre su trayectoria, les dio paso a sus ayudantes: Camila Acu\u00f1a y Joaqu\u00edn Beltrame.<\/span><\/p>\n<p><span style=\"font-weight: 400\">Joaco y Cami tambi\u00e9n son alumnos como ustedes que se encuentran cursando el tercer y cuarto a\u00f1o de la carrera, a su vez, ambos transitan su segundo a\u00f1o de ayudant\u00eda en la materia y est\u00e1n disponibles para lo que ustedes necesiten.\u00a0<\/span><\/p>\n<p><span style=\"font-weight: 400\">Pasada una hora de la clase y terminada la presentaci\u00f3n de la c\u00e1tedra, la pelota qued\u00f3 en la cancha de los estudiantes, que se presentaron y contaron un poco sobre ellos destacando que era lo que los tra\u00eda a Comunicaci\u00f3n Social.\u00a0<\/span><\/p>\n<p><span style=\"font-weight: 400\">Finalizadas las presentaciones y las explicaciones formales lleg\u00f3 el momento m\u00e1s ameno de la clase, el momento de escribir. Ana les pidi\u00f3 a sus alumnos que se presenten en un texto el cual deb\u00edan enviar a su casilla de mail (<\/span><a href=\"mailto:ana.liberatore@fcpolit.unr.edu.ar\"><span style=\"font-weight: 400\">ana.liberatore@fcpolit.unr.edu.ar<\/span><\/a><span style=\"font-weight: 400\">) con las <\/span><a href=\"https:\/\/redaccion1.fcpolit.unr.edu.ar\/comision-liberatore\/2026\/03\/29\/guia-para-la-entrega-de-trabajos-escritos\/\"><span style=\"font-weight: 400\">pautas de entrega<\/span><\/a><span style=\"font-weight: 400\"> asignadas para luego indicarle a sus alumnos cuales serian las lecturas obligatorias para la pr\u00f3xima clase:\u00a0<\/span><\/p>\n<p>&nbsp;<\/p>\n<ul>\n<li style=\"font-weight: 400\"><a href=\"https:\/\/drive.google.com\/file\/d\/1By_5j3lwdSpBJZ2NQZuK8NbdWRw8HtO7\/view\"><span style=\"font-weight: 400\">Los procesos de escritura. Abordaje comunicacional &#8211; Teodosio\u00a0<\/span><\/a><\/li>\n<li style=\"font-weight: 400\"><a href=\"https:\/\/drive.google.com\/file\/d\/1o4d5qEcjVQGdb5zs0NgEF22u8qWF8Tq6\/view\"><span style=\"font-weight: 400\">La escritura digital &#8211; Javier Diaz Nocci<\/span><\/a><\/li>\n<li style=\"font-weight: 400\"><a href=\"https:\/\/drive.google.com\/file\/d\/1yOdkBE-Gt_EeVLn-4xzMp-WCaCliNxkT\/view\"><span style=\"font-weight: 400\">La caja de herramientas &#8211; Stephen King<\/span><\/a><\/li>\n<\/ul>\n<p>&nbsp;<\/p>\n<p><span style=\"font-weight: 400\">Por \u00faltimo, y no por eso menos importante, los ayudantes facilitaron un canal de comunicaci\u00f3n entre ellos y los alumnos: un grupo de WhatsApp para que resuelvan sus dudas r\u00e1pidas mediante un mensaje. Si todav\u00eda no te uniste, te dejamos el link para que puedas hacerlo:<\/span><\/p>\n<p>&nbsp;<\/p>\n<p><a href=\"https:\/\/chat.whatsapp.com\/FjedVJJ2e7O4XNhFXeeG3t?mode=gi_t\"><span style=\"font-weight: 400\">https:\/\/chat.whatsapp.com\/FjedVJJ2e7O4XNhFXeeG3t?mode=gi_t<\/span><\/a><span style=\"font-weight: 400\">\u00a0<\/span><\/p>\n<p>&nbsp;<\/p>\n<p><span style=\"font-weight: 400\">\u00a1Ahora s\u00ed! Bienvenidos a la materia m\u00e1s linda de primer a\u00f1o, bienvenidos y bienvenidas a Redacci\u00f3n I \ud83e\udd0d<\/span><\/p>\n","protected":false},"excerpt":{"rendered":"<p>RESUMEN 25\/03 Por Joaqu\u00edn Beltrame. Lo que hace la literatura es lo mismo que una cerilla en medio de un campo en mitad de la noche. Una cerilla no ilumina apenas nada, pero nos\u00a0 permite ver cu\u00e1nta oscuridad hay a su alrededor. William Faulkner &nbsp; Mi\u00e9rcoles 25 de marzo, cerca de las 14 la puerta [&hellip;]<\/p>\n","protected":false},"author":46,"featured_media":0,"comment_status":"closed","ping_status":"open","sticky":false,"template":"","format":"standard","meta":{"footnotes":""},"categories":[42,7],"tags":[],"_links":{"self":[{"href":"https:\/\/redaccion1.fcpolit.unr.edu.ar\/comision-liberatore\/wp-json\/wp\/v2\/posts\/3798"}],"collection":[{"href":"https:\/\/redaccion1.fcpolit.unr.edu.ar\/comision-liberatore\/wp-json\/wp\/v2\/posts"}],"about":[{"href":"https:\/\/redaccion1.fcpolit.unr.edu.ar\/comision-liberatore\/wp-json\/wp\/v2\/types\/post"}],"author":[{"embeddable":true,"href":"https:\/\/redaccion1.fcpolit.unr.edu.ar\/comision-liberatore\/wp-json\/wp\/v2\/users\/46"}],"replies":[{"embeddable":true,"href":"https:\/\/redaccion1.fcpolit.unr.edu.ar\/comision-liberatore\/wp-json\/wp\/v2\/comments?post=3798"}],"version-history":[{"count":1,"href":"https:\/\/redaccion1.fcpolit.unr.edu.ar\/comision-liberatore\/wp-json\/wp\/v2\/posts\/3798\/revisions"}],"predecessor-version":[{"id":3799,"href":"https:\/\/redaccion1.fcpolit.unr.edu.ar\/comision-liberatore\/wp-json\/wp\/v2\/posts\/3798\/revisions\/3799"}],"wp:attachment":[{"href":"https:\/\/redaccion1.fcpolit.unr.edu.ar\/comision-liberatore\/wp-json\/wp\/v2\/media?parent=3798"}],"wp:term":[{"taxonomy":"category","embeddable":true,"href":"https:\/\/redaccion1.fcpolit.unr.edu.ar\/comision-liberatore\/wp-json\/wp\/v2\/categories?post=3798"},{"taxonomy":"post_tag","embeddable":true,"href":"https:\/\/redaccion1.fcpolit.unr.edu.ar\/comision-liberatore\/wp-json\/wp\/v2\/tags?post=3798"}],"curies":[{"name":"wp","href":"https:\/\/api.w.org\/{rel}","templated":true}]}}