{"id":3760,"date":"2025-10-21T19:45:27","date_gmt":"2025-10-21T22:45:27","guid":{"rendered":"https:\/\/redaccion1.fcpolit.unr.edu.ar\/comision-liberatore\/?p=3760"},"modified":"2025-10-21T19:45:27","modified_gmt":"2025-10-21T22:45:27","slug":"antes-del-miercoles","status":"publish","type":"post","link":"https:\/\/redaccion1.fcpolit.unr.edu.ar\/comision-liberatore\/2025\/10\/21\/antes-del-miercoles\/","title":{"rendered":"Antes del mi\u00e9rcoles"},"content":{"rendered":"<p>Estimados\/as<\/p>\n<p>Cuando nos reencontremos ser\u00e1 con el material le\u00eddo y problematizado del cap\u00edtulo 4.4<\/p>\n<p>A continuaci\u00f3n les dejo los textos sugeridos para repensar en clase:<\/p>\n<ul>\n<li>Calsamiglia, Helena y Tus\u00f3n, Amparo (1999), \u201c<a href=\"https:\/\/drive.google.com\/file\/d\/1Rhe0k6X-UnnCZ8JbSJhv_tL2ATyRxRcT\/view\">Los modos de organizaci\u00f3n del discurso: la argumentaci\u00f3n<\/a>\u201d. En Las cosas del decir. Manual de An\u00e1lisis del discurso. Barcelona: Ariel, pp. 133-156.<\/li>\n<li>Marro, Mabel y Dellamea, Amalia (1993), \u201c<a href=\"https:\/\/drive.google.com\/file\/d\/1risYNqKn_kv5jSHGHYfazfjHfo6I0GcL\/view\">La producci\u00f3n de textos argumentativos<\/a>\u201d. En Producci\u00f3n de textos. Buenos Aires: Fundaci\u00f3n Universidad a distancia Hernandarias, pp. 375\/394.<\/li>\n<li>Mayol, Mauricio (2020),\u00a0<a href=\"https:\/\/drive.google.com\/file\/d\/10ZXd5LYQCZswmp5hqNRQKrlSWU8xoNSb\/view\">Argumentaci\u00f3n y periodismo de opini\u00f3n I<\/a>. Ficha de c\u00e1tedra.<\/li>\n<\/ul>\n<p>La sugerencia para el Taller de lectura es acercarse a textos argumentativos, aquellos cuyo macroacto de habla sea convencer o persuadir.<\/p>\n<p>Informo adem\u00e1s, que la fecha de entrega del TP Final es el 19 de noviembre, a rodarrrrrrr<\/p>\n<p>\u00a1Hasta pronto!<\/p>\n","protected":false},"excerpt":{"rendered":"<p>Estimados\/as Cuando nos reencontremos ser\u00e1 con el material le\u00eddo y problematizado del cap\u00edtulo 4.4 A continuaci\u00f3n les dejo los textos sugeridos para repensar en clase: Calsamiglia, Helena y Tus\u00f3n, Amparo (1999), \u201cLos modos de organizaci\u00f3n del discurso: la argumentaci\u00f3n\u201d. En Las cosas del decir. Manual de An\u00e1lisis del discurso. Barcelona: Ariel, pp. 133-156. Marro, Mabel [&hellip;]<\/p>\n","protected":false},"author":46,"featured_media":0,"comment_status":"closed","ping_status":"open","sticky":false,"template":"","format":"standard","meta":{"footnotes":""},"categories":[40,7],"tags":[],"_links":{"self":[{"href":"https:\/\/redaccion1.fcpolit.unr.edu.ar\/comision-liberatore\/wp-json\/wp\/v2\/posts\/3760"}],"collection":[{"href":"https:\/\/redaccion1.fcpolit.unr.edu.ar\/comision-liberatore\/wp-json\/wp\/v2\/posts"}],"about":[{"href":"https:\/\/redaccion1.fcpolit.unr.edu.ar\/comision-liberatore\/wp-json\/wp\/v2\/types\/post"}],"author":[{"embeddable":true,"href":"https:\/\/redaccion1.fcpolit.unr.edu.ar\/comision-liberatore\/wp-json\/wp\/v2\/users\/46"}],"replies":[{"embeddable":true,"href":"https:\/\/redaccion1.fcpolit.unr.edu.ar\/comision-liberatore\/wp-json\/wp\/v2\/comments?post=3760"}],"version-history":[{"count":1,"href":"https:\/\/redaccion1.fcpolit.unr.edu.ar\/comision-liberatore\/wp-json\/wp\/v2\/posts\/3760\/revisions"}],"predecessor-version":[{"id":3763,"href":"https:\/\/redaccion1.fcpolit.unr.edu.ar\/comision-liberatore\/wp-json\/wp\/v2\/posts\/3760\/revisions\/3763"}],"wp:attachment":[{"href":"https:\/\/redaccion1.fcpolit.unr.edu.ar\/comision-liberatore\/wp-json\/wp\/v2\/media?parent=3760"}],"wp:term":[{"taxonomy":"category","embeddable":true,"href":"https:\/\/redaccion1.fcpolit.unr.edu.ar\/comision-liberatore\/wp-json\/wp\/v2\/categories?post=3760"},{"taxonomy":"post_tag","embeddable":true,"href":"https:\/\/redaccion1.fcpolit.unr.edu.ar\/comision-liberatore\/wp-json\/wp\/v2\/tags?post=3760"}],"curies":[{"name":"wp","href":"https:\/\/api.w.org\/{rel}","templated":true}]}}