{"id":3758,"date":"2025-10-18T12:30:59","date_gmt":"2025-10-18T15:30:59","guid":{"rendered":"https:\/\/redaccion1.fcpolit.unr.edu.ar\/comision-liberatore\/?p=3758"},"modified":"2025-10-18T12:30:59","modified_gmt":"2025-10-18T15:30:59","slug":"resumen-miercoles15-de-octubre","status":"publish","type":"post","link":"https:\/\/redaccion1.fcpolit.unr.edu.ar\/comision-liberatore\/2025\/10\/18\/resumen-miercoles15-de-octubre\/","title":{"rendered":"Resumen mi\u00e9rcoles15 de octubre"},"content":{"rendered":"<p>\u00a1Hola a todos de nuevo!<br \/>\nPara los que todav\u00eda no me conocen, soy Valentina Bini. Una vez m\u00e1s, tengo el honor de escribir el resumen semanal del d\u00eda 15\/10 para que todos aquellos que no han podido asistir, est\u00e9n al tanto de lo trabajado.<br \/>\nEn compensaci\u00f3n por las pocas lecturas por placer que hubo la clase pasada, para este mi\u00e9rcoles deb\u00edamos leer varias noticias. Fue as\u00ed, como dimos inicio al primer bloque de la clase.<!--more--><br \/>\nLuego, comenzamos a trabajar la teor\u00eda de esta unidad (4.3). Hablamos sobre los textos: &#8220;Los titulares period\u00edsticos&#8221;, &#8220;El primado del relato&#8221; y adem\u00e1s, nos introducimos en la unidad (4.4). Ana nos explic\u00f3 brevemente sobre los pr\u00f3ximos textos a trabajar sobre cr\u00f3nica (en relaci\u00f3n al integrador 4.3) y vimos m\u00e1s detalladamente ejemplos, que trajo Joaco, de estas.<br \/>\nPor \u00faltimo, como la frutilla del postre pero no tan dulce, debo comunicarles las siguientes fechas importantes:<br \/>\n24\/10: entrega de TP. Salida al campo (las consignas ya se encuentran publicadas en el blog)<br \/>\n29\/10: entrega del TPI.(4.3) y como recomendaci\u00f3n de nuestro querido ayudante de catedra, Joaco, del 22 al 24 de octubre se realizar\u00e1 en la facultad el Comunicaton con certificaci\u00f3n de asistencia, \u00a1\u00a1\u00a1\u00a1vengan!!!<br \/>\nLas pr\u00f3ximas lecturas son:<br \/>\n&#8211; Nueva publicaci\u00f3n en el blog sobre la cr\u00f3nica.<br \/>\n&#8211; Salcedo Ramos, Alberto (2011). \u201cLa cr\u00f3nica, el rostro humano de la<br \/>\nnoticia\u201d.<br \/>\n&#8211; Guerriero, Leila (2015) \u201c\u00bfQu\u00e9 es y qu\u00e9 no es el periodismo literario?: m\u00e1s all\u00e1 del adjetivo perfecto\u201d En Zona de Obras.<\/p>\n","protected":false},"excerpt":{"rendered":"<p>\u00a1Hola a todos de nuevo! Para los que todav\u00eda no me conocen, soy Valentina Bini. Una vez m\u00e1s, tengo el honor de escribir el resumen semanal del d\u00eda 15\/10 para que todos aquellos que no han podido asistir, est\u00e9n al tanto de lo trabajado. En compensaci\u00f3n por las pocas lecturas por placer que hubo la [&hellip;]<\/p>\n","protected":false},"author":46,"featured_media":0,"comment_status":"closed","ping_status":"open","sticky":false,"template":"","format":"standard","meta":{"footnotes":""},"categories":[40,27],"tags":[],"_links":{"self":[{"href":"https:\/\/redaccion1.fcpolit.unr.edu.ar\/comision-liberatore\/wp-json\/wp\/v2\/posts\/3758"}],"collection":[{"href":"https:\/\/redaccion1.fcpolit.unr.edu.ar\/comision-liberatore\/wp-json\/wp\/v2\/posts"}],"about":[{"href":"https:\/\/redaccion1.fcpolit.unr.edu.ar\/comision-liberatore\/wp-json\/wp\/v2\/types\/post"}],"author":[{"embeddable":true,"href":"https:\/\/redaccion1.fcpolit.unr.edu.ar\/comision-liberatore\/wp-json\/wp\/v2\/users\/46"}],"replies":[{"embeddable":true,"href":"https:\/\/redaccion1.fcpolit.unr.edu.ar\/comision-liberatore\/wp-json\/wp\/v2\/comments?post=3758"}],"version-history":[{"count":1,"href":"https:\/\/redaccion1.fcpolit.unr.edu.ar\/comision-liberatore\/wp-json\/wp\/v2\/posts\/3758\/revisions"}],"predecessor-version":[{"id":3759,"href":"https:\/\/redaccion1.fcpolit.unr.edu.ar\/comision-liberatore\/wp-json\/wp\/v2\/posts\/3758\/revisions\/3759"}],"wp:attachment":[{"href":"https:\/\/redaccion1.fcpolit.unr.edu.ar\/comision-liberatore\/wp-json\/wp\/v2\/media?parent=3758"}],"wp:term":[{"taxonomy":"category","embeddable":true,"href":"https:\/\/redaccion1.fcpolit.unr.edu.ar\/comision-liberatore\/wp-json\/wp\/v2\/categories?post=3758"},{"taxonomy":"post_tag","embeddable":true,"href":"https:\/\/redaccion1.fcpolit.unr.edu.ar\/comision-liberatore\/wp-json\/wp\/v2\/tags?post=3758"}],"curies":[{"name":"wp","href":"https:\/\/api.w.org\/{rel}","templated":true}]}}