{"id":3754,"date":"2025-10-16T08:58:19","date_gmt":"2025-10-16T11:58:19","guid":{"rendered":"https:\/\/redaccion1.fcpolit.unr.edu.ar\/comision-liberatore\/?p=3754"},"modified":"2025-10-16T09:01:18","modified_gmt":"2025-10-16T12:01:18","slug":"tp-salida-al-campo","status":"publish","type":"post","link":"https:\/\/redaccion1.fcpolit.unr.edu.ar\/comision-liberatore\/2025\/10\/16\/tp-salida-al-campo\/","title":{"rendered":"TP: &#8220;Salida al campo&#8221;"},"content":{"rendered":"<p><strong>&#8220;Salida al campo&#8221;<\/strong><\/p>\n<p><strong>Objetivo<\/strong>: experimentar t\u00e9cnicas de recolecci\u00f3n de datos y participaci\u00f3n como observador\/a y la generaci\u00f3n de ideas que permita elaborar un texto. Proceso de investigaci\u00f3n.<\/p>\n<p><strong>Consigna:<\/strong><\/p>\n<p>Tuvieron la oportunidad de participar de un evento masivo en la ciudad de Rosario.\u00a0Con la informaci\u00f3n recolectada y la experiencia vivida, presentar desarrolladas las siguientes propuestas:<\/p>\n<p>Asistir a al menos una propuesta en la Feria del Libro en Rosario (revisar programa)<\/p>\n<p>1- \u00bfCu\u00e1les son los antecedentes del\/la protagonista?<\/p>\n<p>2- \u00bfQu\u00e9 sabes sobre el tema?<\/p>\n<p>3- \u00bfPara que p\u00fablico puede ser interesante esta macroestructura? \u00bfPor qu\u00e9?<\/p>\n<p>4-\u00a0Escrib\u00ed tus observaciones respecto de lo que viste y viviste en en el evento.<\/p>\n<p>5- \u00bfQu\u00e9 otras fuentes de informaci\u00f3n pudiste recolectar\/construir?<\/p>\n<p>6- Elabor\u00e1 un texto informativo con superestructura de noticia, para comunicar a tus compa\u00f1eros del curso acerca de la acontecido. No menor a 25 l\u00edneas. Agregar cuerpo de titulares.<\/p>\n<p>Fecha de entrega: mi\u00e9rcoles 22 de octubre<\/p>\n","protected":false},"excerpt":{"rendered":"<p>&#8220;Salida al campo&#8221; Objetivo: experimentar t\u00e9cnicas de recolecci\u00f3n de datos y participaci\u00f3n como observador\/a y la generaci\u00f3n de ideas que permita elaborar un texto. Proceso de investigaci\u00f3n. Consigna: Tuvieron la oportunidad de participar de un evento masivo en la ciudad de Rosario.\u00a0Con la informaci\u00f3n recolectada y la experiencia vivida, presentar desarrolladas las siguientes propuestas: Asistir [&hellip;]<\/p>\n","protected":false},"author":46,"featured_media":0,"comment_status":"closed","ping_status":"open","sticky":false,"template":"","format":"standard","meta":{"footnotes":""},"categories":[40,7],"tags":[],"_links":{"self":[{"href":"https:\/\/redaccion1.fcpolit.unr.edu.ar\/comision-liberatore\/wp-json\/wp\/v2\/posts\/3754"}],"collection":[{"href":"https:\/\/redaccion1.fcpolit.unr.edu.ar\/comision-liberatore\/wp-json\/wp\/v2\/posts"}],"about":[{"href":"https:\/\/redaccion1.fcpolit.unr.edu.ar\/comision-liberatore\/wp-json\/wp\/v2\/types\/post"}],"author":[{"embeddable":true,"href":"https:\/\/redaccion1.fcpolit.unr.edu.ar\/comision-liberatore\/wp-json\/wp\/v2\/users\/46"}],"replies":[{"embeddable":true,"href":"https:\/\/redaccion1.fcpolit.unr.edu.ar\/comision-liberatore\/wp-json\/wp\/v2\/comments?post=3754"}],"version-history":[{"count":3,"href":"https:\/\/redaccion1.fcpolit.unr.edu.ar\/comision-liberatore\/wp-json\/wp\/v2\/posts\/3754\/revisions"}],"predecessor-version":[{"id":3757,"href":"https:\/\/redaccion1.fcpolit.unr.edu.ar\/comision-liberatore\/wp-json\/wp\/v2\/posts\/3754\/revisions\/3757"}],"wp:attachment":[{"href":"https:\/\/redaccion1.fcpolit.unr.edu.ar\/comision-liberatore\/wp-json\/wp\/v2\/media?parent=3754"}],"wp:term":[{"taxonomy":"category","embeddable":true,"href":"https:\/\/redaccion1.fcpolit.unr.edu.ar\/comision-liberatore\/wp-json\/wp\/v2\/categories?post=3754"},{"taxonomy":"post_tag","embeddable":true,"href":"https:\/\/redaccion1.fcpolit.unr.edu.ar\/comision-liberatore\/wp-json\/wp\/v2\/tags?post=3754"}],"curies":[{"name":"wp","href":"https:\/\/api.w.org\/{rel}","templated":true}]}}