{"id":3750,"date":"2025-10-15T09:07:16","date_gmt":"2025-10-15T12:07:16","guid":{"rendered":"https:\/\/redaccion1.fcpolit.unr.edu.ar\/comision-liberatore\/?p=3750"},"modified":"2025-10-15T09:07:16","modified_gmt":"2025-10-15T12:07:16","slug":"la-cronica","status":"publish","type":"post","link":"https:\/\/redaccion1.fcpolit.unr.edu.ar\/comision-liberatore\/2025\/10\/15\/la-cronica\/","title":{"rendered":"La cr\u00f3nica"},"content":{"rendered":"<p><strong>La cr\u00f3nica<\/strong><\/p>\n<p>Se suele hablar \u2013por lo general, de manera cr\u00edtica\u2013 del discurso de los medios. Sin embargo, si miramos detenidamente alguno de ellos, veremos que est\u00e1 conformado por materiales muy diferentes entre s\u00ed, desde las cr\u00f3nicas hasta el hor\u00f3scopo, pasando por la historieta, los avisos publicitarios y los editoriales. Todos ellos son\u00a0<strong>g\u00e9neros discursivos<\/strong>.<\/p>\n<p>Los g\u00e9neros discursivos son, seg\u00fan la definici\u00f3n del ling\u00fcista sovi\u00e9tico Mijail Bajt\u00edn, tipos relativamente estables de enunciados, es decir, tienen rasgos que se mantienen de manera m\u00e1s o menos constante, lo que nos permite distinguirlos.<\/p>\n<p>Cualquier medio de comunicaci\u00f3n es, por lo tanto, un conjunto complejo de g\u00e9neros discursivos diferentes. Yendo puntualmente al discurso cl\u00e1sico period\u00edstico, se puede establecer una primera distinci\u00f3n:<\/p>\n<ul>\n<li>&#8211; G\u00e9neros narrativos, que cuentan un suceso de actualidad (como la cr\u00f3nica o la noticia de inter\u00e9s general).<\/li>\n<li>&#8211; G\u00e9neros argumentativos, en los que se eval\u00faa un evento o una situaci\u00f3n ya conocida y se fundamentan puntos de vista (como el editorial o la nota de opini\u00f3n).<\/li>\n<\/ul>\n<p><strong>\u00bfQu\u00e9 es una cr\u00f3nica period\u00edstica?<\/strong><\/p>\n<p>La cr\u00f3nica es tal vez el g\u00e9nero m\u00e1s vers\u00e1til de cuantos conviven en las p\u00e1ginas de los diarios y tambi\u00e9n aquel sobre el que encontramos definiciones m\u00e1s contradictorias y variadas.<\/p>\n<p>En parte, estas discordancias se deben a que la cr\u00f3nica se emplea en todas las secciones del diario, desde la pol\u00edtica hasta el deporte y resulta \u2013como la mayor\u00eda de los formatos narrativos\u2013 permeable a variaciones de estilo asociadas a la l\u00ednea del diario o al gusto personal del cronista.<\/p>\n<p><em>Cr\u00f3nica<\/em>\u00a0viene del griego\u00a0<em>chronos<\/em>, -tiempo-. El origen del g\u00e9nero se asocia, mucho antes de que la prensa existiera, con la literatura y la historia (las cr\u00f3nicas de reyes, de viajes, de la conquista de Am\u00e9rica, entre otros ejemplos).<\/p>\n<p>Encontramos definiciones que se enfocan en la presentaci\u00f3n ordenada de los hechos y otras que destacan m\u00e1s que se trata de un relato marcado de manera expl\u00edcita por el punto de vista y las valoraciones e interpretaciones del cronista.<\/p>\n<p>Quienes privilegian esta perspectiva distinguen la noticia de la cr\u00f3nica con criterios que podemos esquematizar de la siguiente manera:<\/p>\n<table>\n<tbody>\n<tr>\n<td>Cr\u00f3nica<\/td>\n<td>Noticia<\/td>\n<\/tr>\n<tr>\n<td>\n<ul>\n<li>Narra y eval\u00faa<\/li>\n<li>Estilo m\u00e1s literario y personal.<br \/>\nIncluye marcas de acercamiento al lector.<\/li>\n<li>Con firma.<\/li>\n<\/ul>\n<\/td>\n<td>\n<ul>\n<li>Solo presenta los hechos.<\/li>\n<li>Estilo escueto y neutro.<\/li>\n<li>Sin firma.<\/li>\n<\/ul>\n<\/td>\n<\/tr>\n<\/tbody>\n<\/table>\n<p><strong>\u00bfC\u00f3mo analizar una cr\u00f3nica?<\/strong><\/p>\n<ul>\n<li><strong>El manejo del tiempo:<\/strong>\u00a0\u00bfEmpieza por un punto que no es el del comienzo cronol\u00f3gico y luego se remonta hacia atr\u00e1s en el tiempo? \u00bfC\u00f3mo est\u00e1 organizada? \u00bfEn que momentos el tiempo se acelera o se hace m\u00e1s lento para dar lugar a una descripci\u00f3n o a una reflexi\u00f3n? \u00bfCu\u00e1les son las marcas gramaticales que nos orientan, como el cambio de tiempos verbales o el uso de adverbios de tiempo?<\/li>\n<li><strong>El manejo del espacio:<\/strong>\u00a0\u00bfDesde donde habla el cronista? \u00bfDesde un espacio familiar que se supone conocido por el lector o desde una regi\u00f3n remota del planeta? \u00bfC\u00f3mo organiza esa presentaci\u00f3n? \u00bfQu\u00e9 cosas da por sabidas?<\/li>\n<li><strong>Posici\u00f3n del autor:<\/strong>\u00a0\u00bfC\u00f3mo incluye su punto de vista personal? \u00bfSe formula preguntas? \u00bfOpina directamente? \u00bfUsa adjetivos que califican lo que ve? \u00bfPresenta a los actores con t\u00e9rminos cargados de valoraci\u00f3n? \u00bfHace aparecer otros puntos de vista? \u00bfCita otras voces? \u00bfC\u00f3mo les da la palabra? \u00bfUsa citas directas o indirectas?<\/li>\n<\/ul>\n<p>Por ejemplo, el fragmento que transcribiremos corresponde a una cr\u00f3nica de Hinde Pomeraniec, enviada especial del diario\u00a0<em>Clar\u00edn\u00a0<\/em>a Ucrania durante el proceso que culmin\u00f3 con la elecci\u00f3n de Viktor Yuschenko. La autora decide comenzar trazando un panorama de la situaci\u00f3n personal y pol\u00edtica que enfrenta el nuevo presidente a partir de una consideraci\u00f3n personal que marca la distancia que la separa del personaje, a la vez que la acerca al punto de vista del lector. Su objetivo ya no es solo contarnos el resultado de la elecci\u00f3n. La informaci\u00f3n est\u00e1, pero lo m\u00e1s importante no es el resultado electoral sino la presentaci\u00f3n del contexto y la mirada personal de la cronista.<\/p>\n<p>El protagonista no se nombra de inmediato, se crea un peque\u00f1o momento de suspenso antes de presentarnos al presidente electo. La presentaci\u00f3n pasa r\u00e1pidamente por algunos episodios de su camino al poder (envenenamiento, deudas pol\u00edticas) que permiten refrescar la memoria de los lectores que (se supone) ya conocen los hechos. Y tambi\u00e9n nos proyecta hacia el futuro presentando someramente los desaf\u00edos pol\u00edticos que lo esperan.<\/p>\n<p>\u201c\u00bfQui\u00e9n sabe si el hombre habr\u00e1 dormido tranquilo anoche. Es que, en rigor, lo que se avecina para Viktor Yuschenko \u2013un economista de 50 a\u00f1os conocedor de los resortes del poder\u2013 no ser\u00e1 f\u00e1cil. Una salud quebrantada por envenenamiento, deudas pol\u00edticas con quienes lo apoyaron desde fuera de su pa\u00eds; un futuro a la cabeza de una sociedad partida brutalmente por dos proyectos de naci\u00f3n y un coro de ex funcionarios resentidos ansiosos por verlo caer en picada\u201d.<\/p>\n<p>Hacia el final de la nota, la autora presenta escenas de la euforia de los partidarios de Yuschenko:<\/p>\n<p>\u201cAyer, en la capital, no import\u00f3 no poder sacar dinero del banco. Diversos y hasta contradictorios (chicos malos que hablan de tomar el poder, se\u00f1oras elegantes que quieren vivir en libertad y sin mafias, profesionales cultos que quieren terminar con el aislamiento), los manifestantes ayer liberaron la avenida principal de carpas y tiendas para que los autos pudieran volver a circular.<br \/>\n&#8220;Basta de Este y Oeste&#8221;, dice Jaroslav, unos 47 bien bebidos, semicalvo y pelo al ras. Lleva cintas naranjas en los brazos y saca una Biblia de su malet\u00edn para mostrar que es muy religioso. [&#8230;] Un enorme globo aerost\u00e1tico cruza el cielo de Kiev. Y no hace falta decir cu\u00e1l es su color\u201d.<\/p>\n<p>La galer\u00eda de personajes nos permite ver a la multitud de cerca, como suma de individuos, como una c\u00e1mara que de pronto deja el plano general para enfocar de cerca a los participantes. La selecci\u00f3n que hace y los adjetivos elegidos para caracterizarlos dan una idea de la variedad social que compone el movimiento que se dio en llamar revoluci\u00f3n naranja. Por otra parte, podemos notar el pasaje del pasado al presente, de lo narrativo a lo descriptivo. Finalmente, las marcas de complicidad con el lector son abundantes: desde los 47 bien bebidos de Jaroslav hasta la frase final que nos invita a reponer un dato que, a esa altura de la presentaci\u00f3n, podemos deducir nosotros mismos, porque ya conocemos el clima que se viv\u00eda en esos d\u00edas en la ya no tan lejana Kiev.<\/p>\n<p><strong>El editorial y la nota de opini\u00f3n<\/strong><\/p>\n<p>El\u00a0<strong>editorial<\/strong>\u00a0es un texto argumentativo que expresa el punto de vista institucional del medio de comunicaci\u00f3n. \u00bfC\u00f3mo podemos caracterizarlo?<\/p>\n<ul>\n<li>No lleva firma.<\/li>\n<li>Se utiliza el \u201cnosotros\u201d, nunca el yo.<\/li>\n<li>Aparece siempre en la misma p\u00e1gina y con la misma diagramaci\u00f3n.<\/li>\n<li>Se suele emplear un cuerpo de letra y una tipograf\u00eda de t\u00edtulo diferentes de los que se emplean en el resto del diario.<\/li>\n<\/ul>\n<p>Una\u00a0<strong>nota de opini\u00f3n<\/strong>\u00a0es un texto argumentativo que expresa y demuestra la opini\u00f3n de quien la firma. A diferencia del editorial, la nota de opini\u00f3n:<\/p>\n<ul>\n<li>Lleva firma.<\/li>\n<li>Hay un sujeto individual (el que firma) que se hace cargo de los argumentos. Puede tratarse de un columnista habitual del diario o de un sujeto autorizado por su saber sobre determinado tema, ya sea por m\u00e9ritos acad\u00e9micos, por experiencia, por su rol de liderazgo en determinada \u00e1rea, entre otros motivos.<\/li>\n<li>Puede usar, por lo tanto, la primera persona del singular.<\/li>\n<\/ul>\n<p>Tanto el editorial como la nota de opini\u00f3n exponen una hip\u00f3tesis y hacen una demostraci\u00f3n o fundamentaci\u00f3n de la postura del enunciador. El hilo argumentativo se articula mediante conectores l\u00f3gicos (por lo tanto, sin embargo, porque, puesto que, pese a que, pero, entre otros).<\/p>\n<p>&nbsp;<\/p>\n","protected":false},"excerpt":{"rendered":"<p>La cr\u00f3nica Se suele hablar \u2013por lo general, de manera cr\u00edtica\u2013 del discurso de los medios. Sin embargo, si miramos detenidamente alguno de ellos, veremos que est\u00e1 conformado por materiales muy diferentes entre s\u00ed, desde las cr\u00f3nicas hasta el hor\u00f3scopo, pasando por la historieta, los avisos publicitarios y los editoriales. Todos ellos son\u00a0g\u00e9neros discursivos. Los [&hellip;]<\/p>\n","protected":false},"author":46,"featured_media":0,"comment_status":"closed","ping_status":"open","sticky":false,"template":"","format":"standard","meta":{"footnotes":""},"categories":[40,7],"tags":[],"_links":{"self":[{"href":"https:\/\/redaccion1.fcpolit.unr.edu.ar\/comision-liberatore\/wp-json\/wp\/v2\/posts\/3750"}],"collection":[{"href":"https:\/\/redaccion1.fcpolit.unr.edu.ar\/comision-liberatore\/wp-json\/wp\/v2\/posts"}],"about":[{"href":"https:\/\/redaccion1.fcpolit.unr.edu.ar\/comision-liberatore\/wp-json\/wp\/v2\/types\/post"}],"author":[{"embeddable":true,"href":"https:\/\/redaccion1.fcpolit.unr.edu.ar\/comision-liberatore\/wp-json\/wp\/v2\/users\/46"}],"replies":[{"embeddable":true,"href":"https:\/\/redaccion1.fcpolit.unr.edu.ar\/comision-liberatore\/wp-json\/wp\/v2\/comments?post=3750"}],"version-history":[{"count":1,"href":"https:\/\/redaccion1.fcpolit.unr.edu.ar\/comision-liberatore\/wp-json\/wp\/v2\/posts\/3750\/revisions"}],"predecessor-version":[{"id":3751,"href":"https:\/\/redaccion1.fcpolit.unr.edu.ar\/comision-liberatore\/wp-json\/wp\/v2\/posts\/3750\/revisions\/3751"}],"wp:attachment":[{"href":"https:\/\/redaccion1.fcpolit.unr.edu.ar\/comision-liberatore\/wp-json\/wp\/v2\/media?parent=3750"}],"wp:term":[{"taxonomy":"category","embeddable":true,"href":"https:\/\/redaccion1.fcpolit.unr.edu.ar\/comision-liberatore\/wp-json\/wp\/v2\/categories?post=3750"},{"taxonomy":"post_tag","embeddable":true,"href":"https:\/\/redaccion1.fcpolit.unr.edu.ar\/comision-liberatore\/wp-json\/wp\/v2\/tags?post=3750"}],"curies":[{"name":"wp","href":"https:\/\/api.w.org\/{rel}","templated":true}]}}