{"id":3696,"date":"2025-06-27T16:13:42","date_gmt":"2025-06-27T19:13:42","guid":{"rendered":"https:\/\/redaccion1.fcpolit.unr.edu.ar\/comision-liberatore\/?p=3696"},"modified":"2025-06-27T16:13:42","modified_gmt":"2025-06-27T19:13:42","slug":"resumen-miercoles-25-06","status":"publish","type":"post","link":"https:\/\/redaccion1.fcpolit.unr.edu.ar\/comision-liberatore\/2025\/06\/27\/resumen-miercoles-25-06\/","title":{"rendered":"Resumen mi\u00e9rcoles 25\/06"},"content":{"rendered":"<p>Por Josefina Sol Sergiani<br \/>\nBuenas, \u00bfc\u00f3mo est\u00e1n?<img loading=\"lazy\" decoding=\"async\" class=\"alignright  wp-image-3697\" src=\"http:\/\/redaccion1.fcpolit.unr.edu.ar\/comision-liberatore\/wp-content\/uploads\/sites\/2\/2025\/06\/WhatsApp-Image-2024-12-17-at-12.15.28-PM-258x300.jpg\" alt=\"\" width=\"129\" height=\"150\" srcset=\"https:\/\/redaccion1.fcpolit.unr.edu.ar\/comision-liberatore\/wp-content\/uploads\/sites\/2\/2025\/06\/WhatsApp-Image-2024-12-17-at-12.15.28-PM-258x300.jpg 258w, https:\/\/redaccion1.fcpolit.unr.edu.ar\/comision-liberatore\/wp-content\/uploads\/sites\/2\/2025\/06\/WhatsApp-Image-2024-12-17-at-12.15.28-PM.jpg 761w\" sizes=\"(max-width: 129px) 100vw, 129px\" \/><br \/>\nEspero que este nuevo resumen semanal los encuentre bien. Esta vez, me toc\u00f3 a m\u00ed. As\u00ed<br \/>\nque a continuaci\u00f3n, desarrollar\u00e9 de forma breve y resumida lo que se comparti\u00f3 en la clase<br \/>\ndel mi\u00e9rcoles 25 de junio.<!--more--><br \/>\nComenzamos hablando de las lecturas por placer, algo usual en las clases de Ana. Ese<br \/>\nmi\u00e9rcoles llegu\u00e9 30 minutos tarde y me perd\u00ed de sus lecturas. Sin embargo, logr\u00e9 escuchar<br \/>\na una compa\u00f1era que estaba hablando de poes\u00eda. Creo que pidi\u00f3 recomendaci\u00f3n de poetas<br \/>\nde la ciudad. As\u00ed que me saco las ganas y le recomiendo por ac\u00e1 tres autores bien<br \/>\nrosarinos: Manuel Bozzo, Julia Enr\u00edquez y Nahum All.<br \/>\nLuego de la introducci\u00f3n, nos lanzamos de lleno en la unidad 3. Recorrimos varios textos,<br \/>\nempezando por \u201cLas cosas del decir\u201d, de Calsamiglia y Tuson. En el mismo, identificamos<br \/>\nconceptos claves para seguir desarrollando nuestras producciones, tales como \u201ctexto\u201d,<br \/>\n\u201ccoherencia\u201d y \u201ccohesi\u00f3n\u201d. Nos detuvimos tambi\u00e9n en las macrorreglas que propone Van<br \/>\nDijk dentro del texto (macrorreglas de: supresi\u00f3n, integraci\u00f3n, construcci\u00f3n y generalizaci\u00f3n),<br \/>\ny en la superestructura y macroestructura.<br \/>\nVimos tambi\u00e9n, la superestructura de una noticia: copete, t\u00edtulo, bajada, primer p\u00e1rrafo. La<br \/>\nfigura de la pir\u00e1mide invertida (que explic\u00f3 Joaco en la clase) y que aparece desarrollada en<br \/>\n\u201cDe la pir\u00e1mide invertida al hipertexto: hacia nuevos est\u00e1ndares de redacci\u00f3n para la prensa<br \/>\ndigital\u201d, de Ram\u00f3n Salaverr\u00eda. Mismo texto que tenemos que leer para la clase que viene,<br \/>\nadem\u00e1s de llevar noticias de diferentes medios y portales para compartir en clase.<br \/>\nPara el final de la clase, le\u00edmos en voz alta las consignas del TPI 3 que se entregar\u00e1 el<br \/>\nviernes 4 de julio. Ana y Joaco recomendaron comenzar el Integrador para llevar dudas y<br \/>\nconsultas al pr\u00f3ximo encuentro.<br \/>\n\u00a1Buen finde!<\/p>\n","protected":false},"excerpt":{"rendered":"<p>Por Josefina Sol Sergiani Buenas, \u00bfc\u00f3mo est\u00e1n? Espero que este nuevo resumen semanal los encuentre bien. Esta vez, me toc\u00f3 a m\u00ed. As\u00ed que a continuaci\u00f3n, desarrollar\u00e9 de forma breve y resumida lo que se comparti\u00f3 en la clase del mi\u00e9rcoles 25 de junio.<\/p>\n","protected":false},"author":46,"featured_media":0,"comment_status":"closed","ping_status":"open","sticky":false,"template":"","format":"standard","meta":{"footnotes":""},"categories":[40,7],"tags":[],"_links":{"self":[{"href":"https:\/\/redaccion1.fcpolit.unr.edu.ar\/comision-liberatore\/wp-json\/wp\/v2\/posts\/3696"}],"collection":[{"href":"https:\/\/redaccion1.fcpolit.unr.edu.ar\/comision-liberatore\/wp-json\/wp\/v2\/posts"}],"about":[{"href":"https:\/\/redaccion1.fcpolit.unr.edu.ar\/comision-liberatore\/wp-json\/wp\/v2\/types\/post"}],"author":[{"embeddable":true,"href":"https:\/\/redaccion1.fcpolit.unr.edu.ar\/comision-liberatore\/wp-json\/wp\/v2\/users\/46"}],"replies":[{"embeddable":true,"href":"https:\/\/redaccion1.fcpolit.unr.edu.ar\/comision-liberatore\/wp-json\/wp\/v2\/comments?post=3696"}],"version-history":[{"count":1,"href":"https:\/\/redaccion1.fcpolit.unr.edu.ar\/comision-liberatore\/wp-json\/wp\/v2\/posts\/3696\/revisions"}],"predecessor-version":[{"id":3698,"href":"https:\/\/redaccion1.fcpolit.unr.edu.ar\/comision-liberatore\/wp-json\/wp\/v2\/posts\/3696\/revisions\/3698"}],"wp:attachment":[{"href":"https:\/\/redaccion1.fcpolit.unr.edu.ar\/comision-liberatore\/wp-json\/wp\/v2\/media?parent=3696"}],"wp:term":[{"taxonomy":"category","embeddable":true,"href":"https:\/\/redaccion1.fcpolit.unr.edu.ar\/comision-liberatore\/wp-json\/wp\/v2\/categories?post=3696"},{"taxonomy":"post_tag","embeddable":true,"href":"https:\/\/redaccion1.fcpolit.unr.edu.ar\/comision-liberatore\/wp-json\/wp\/v2\/tags?post=3696"}],"curies":[{"name":"wp","href":"https:\/\/api.w.org\/{rel}","templated":true}]}}