{"id":3638,"date":"2025-04-22T10:23:29","date_gmt":"2025-04-22T13:23:29","guid":{"rendered":"https:\/\/redaccion1.fcpolit.unr.edu.ar\/comision-liberatore\/?p=3638"},"modified":"2025-05-02T17:02:21","modified_gmt":"2025-05-02T20:02:21","slug":"anuncia-para-ambas-comisiones","status":"publish","type":"post","link":"https:\/\/redaccion1.fcpolit.unr.edu.ar\/comision-liberatore\/2025\/04\/22\/anuncia-para-ambas-comisiones\/","title":{"rendered":"Anuncio para ambas comisiones"},"content":{"rendered":"<p>Estimados\/as<\/p>\n<p>Por razones de p\u00fablico conocimiento, el mi\u00e9rcoles 23 no tendremos encuentro de Redacci\u00f3n 1.<\/p>\n<p>Proponemos avanzar con las lecturas por placer y dedicar atenci\u00f3n al material te\u00f3rico que tenemos que trabajar. Problematizar los textos de Diaz Noci y\u00a0 tambi\u00e9n el de Adriana Amado.<\/p>\n<p>No perdamos el ritmo.<\/p>\n<p>Saludos<\/p>\n","protected":false},"excerpt":{"rendered":"<p>Estimados\/as Por razones de p\u00fablico conocimiento, el mi\u00e9rcoles 23 no tendremos encuentro de Redacci\u00f3n 1. Proponemos avanzar con las lecturas por placer y dedicar atenci\u00f3n al material te\u00f3rico que tenemos que trabajar. Problematizar los textos de Diaz Noci y\u00a0 tambi\u00e9n el de Adriana Amado. No perdamos el ritmo. Saludos<\/p>\n","protected":false},"author":46,"featured_media":0,"comment_status":"closed","ping_status":"open","sticky":false,"template":"","format":"standard","meta":{"footnotes":""},"categories":[40,32],"tags":[],"_links":{"self":[{"href":"https:\/\/redaccion1.fcpolit.unr.edu.ar\/comision-liberatore\/wp-json\/wp\/v2\/posts\/3638"}],"collection":[{"href":"https:\/\/redaccion1.fcpolit.unr.edu.ar\/comision-liberatore\/wp-json\/wp\/v2\/posts"}],"about":[{"href":"https:\/\/redaccion1.fcpolit.unr.edu.ar\/comision-liberatore\/wp-json\/wp\/v2\/types\/post"}],"author":[{"embeddable":true,"href":"https:\/\/redaccion1.fcpolit.unr.edu.ar\/comision-liberatore\/wp-json\/wp\/v2\/users\/46"}],"replies":[{"embeddable":true,"href":"https:\/\/redaccion1.fcpolit.unr.edu.ar\/comision-liberatore\/wp-json\/wp\/v2\/comments?post=3638"}],"version-history":[{"count":2,"href":"https:\/\/redaccion1.fcpolit.unr.edu.ar\/comision-liberatore\/wp-json\/wp\/v2\/posts\/3638\/revisions"}],"predecessor-version":[{"id":3643,"href":"https:\/\/redaccion1.fcpolit.unr.edu.ar\/comision-liberatore\/wp-json\/wp\/v2\/posts\/3638\/revisions\/3643"}],"wp:attachment":[{"href":"https:\/\/redaccion1.fcpolit.unr.edu.ar\/comision-liberatore\/wp-json\/wp\/v2\/media?parent=3638"}],"wp:term":[{"taxonomy":"category","embeddable":true,"href":"https:\/\/redaccion1.fcpolit.unr.edu.ar\/comision-liberatore\/wp-json\/wp\/v2\/categories?post=3638"},{"taxonomy":"post_tag","embeddable":true,"href":"https:\/\/redaccion1.fcpolit.unr.edu.ar\/comision-liberatore\/wp-json\/wp\/v2\/tags?post=3638"}],"curies":[{"name":"wp","href":"https:\/\/api.w.org\/{rel}","templated":true}]}}