{"id":3612,"date":"2024-09-20T08:21:10","date_gmt":"2024-09-20T11:21:10","guid":{"rendered":"https:\/\/redaccion1.fcpolit.unr.edu.ar\/comision-liberatore\/?p=3612"},"modified":"2024-09-20T08:21:10","modified_gmt":"2024-09-20T11:21:10","slug":"semana-de-examenes-ambas-comisiones","status":"publish","type":"post","link":"https:\/\/redaccion1.fcpolit.unr.edu.ar\/comision-liberatore\/2024\/09\/20\/semana-de-examenes-ambas-comisiones\/","title":{"rendered":"Semana de ex\u00e1menes: ambas comisiones"},"content":{"rendered":"<p>Estimad\u00edsimos\/as<\/p>\n<p>El pr\u00f3ximo mi\u00e9rcoles propongo encontrarnos en una clase virtual que nos permitir\u00e1 cerrar el apartado 4.2 Textos conversacionales y aclarar dudas sobre el TP Integrador del mismo.<\/p>\n<p>La cita es a partir de las 16.30 para ambas comisiones.<\/p>\n<p>Minutos antes del horario previsto enviar\u00e9 el enlace por este medio.<\/p>\n<p>Adem\u00e1s, quiero informar que cada comisi\u00f3n tiene una actividad de escritura para resolver sobre este tema que hoy subir\u00e9 a este espacio.<\/p>\n<p>Saludos<\/p>\n","protected":false},"excerpt":{"rendered":"<p>Estimad\u00edsimos\/as El pr\u00f3ximo mi\u00e9rcoles propongo encontrarnos en una clase virtual que nos permitir\u00e1 cerrar el apartado 4.2 Textos conversacionales y aclarar dudas sobre el TP Integrador del mismo. La cita es a partir de las 16.30 para ambas comisiones. Minutos antes del horario previsto enviar\u00e9 el enlace por este medio. Adem\u00e1s, quiero informar que cada [&hellip;]<\/p>\n","protected":false},"author":46,"featured_media":0,"comment_status":"closed","ping_status":"open","sticky":false,"template":"","format":"standard","meta":{"footnotes":""},"categories":[39,7],"tags":[],"_links":{"self":[{"href":"https:\/\/redaccion1.fcpolit.unr.edu.ar\/comision-liberatore\/wp-json\/wp\/v2\/posts\/3612"}],"collection":[{"href":"https:\/\/redaccion1.fcpolit.unr.edu.ar\/comision-liberatore\/wp-json\/wp\/v2\/posts"}],"about":[{"href":"https:\/\/redaccion1.fcpolit.unr.edu.ar\/comision-liberatore\/wp-json\/wp\/v2\/types\/post"}],"author":[{"embeddable":true,"href":"https:\/\/redaccion1.fcpolit.unr.edu.ar\/comision-liberatore\/wp-json\/wp\/v2\/users\/46"}],"replies":[{"embeddable":true,"href":"https:\/\/redaccion1.fcpolit.unr.edu.ar\/comision-liberatore\/wp-json\/wp\/v2\/comments?post=3612"}],"version-history":[{"count":1,"href":"https:\/\/redaccion1.fcpolit.unr.edu.ar\/comision-liberatore\/wp-json\/wp\/v2\/posts\/3612\/revisions"}],"predecessor-version":[{"id":3613,"href":"https:\/\/redaccion1.fcpolit.unr.edu.ar\/comision-liberatore\/wp-json\/wp\/v2\/posts\/3612\/revisions\/3613"}],"wp:attachment":[{"href":"https:\/\/redaccion1.fcpolit.unr.edu.ar\/comision-liberatore\/wp-json\/wp\/v2\/media?parent=3612"}],"wp:term":[{"taxonomy":"category","embeddable":true,"href":"https:\/\/redaccion1.fcpolit.unr.edu.ar\/comision-liberatore\/wp-json\/wp\/v2\/categories?post=3612"},{"taxonomy":"post_tag","embeddable":true,"href":"https:\/\/redaccion1.fcpolit.unr.edu.ar\/comision-liberatore\/wp-json\/wp\/v2\/tags?post=3612"}],"curies":[{"name":"wp","href":"https:\/\/api.w.org\/{rel}","templated":true}]}}