{"id":3563,"date":"2024-05-31T16:46:13","date_gmt":"2024-05-31T19:46:13","guid":{"rendered":"https:\/\/redaccion1.fcpolit.unr.edu.ar\/comision-liberatore\/?p=3563"},"modified":"2024-05-31T16:46:13","modified_gmt":"2024-05-31T19:46:13","slug":"resumen-comision-14h","status":"publish","type":"post","link":"https:\/\/redaccion1.fcpolit.unr.edu.ar\/comision-liberatore\/2024\/05\/31\/resumen-comision-14h\/","title":{"rendered":"Resumen comisi\u00f3n 14h"},"content":{"rendered":"<p>\u00a1Hola compa\u00f1eras y compa\u00f1eros!<br \/>\nLo primero que la profe anunci\u00f3 en la clase, fue que a partir de ahora, la tarea de hacer el<br \/>\nresumen de clases que antes ten\u00eda Bel\u00e9n, pasa a ser responsabilidad de nosotros, los<br \/>\nalumnos.<img loading=\"lazy\" decoding=\"async\" class=\"alignright  wp-image-3562\" src=\"http:\/\/redaccion1.fcpolit.unr.edu.ar\/comision-liberatore\/wp-content\/uploads\/sites\/2\/2024\/05\/FB_IMG_1717082085174-298x300.jpg\" alt=\"\" width=\"134\" height=\"135\" srcset=\"https:\/\/redaccion1.fcpolit.unr.edu.ar\/comision-liberatore\/wp-content\/uploads\/sites\/2\/2024\/05\/FB_IMG_1717082085174-298x300.jpg 298w, https:\/\/redaccion1.fcpolit.unr.edu.ar\/comision-liberatore\/wp-content\/uploads\/sites\/2\/2024\/05\/FB_IMG_1717082085174-150x150.jpg 150w, https:\/\/redaccion1.fcpolit.unr.edu.ar\/comision-liberatore\/wp-content\/uploads\/sites\/2\/2024\/05\/FB_IMG_1717082085174.jpg 720w\" sizes=\"(max-width: 134px) 100vw, 134px\" \/><br \/>\nEn esta ocasi\u00f3n me ofrec\u00ed para asumir el compromiso de redactar lo que lo vimos en la clase pasada. Antes que nada, quiero expresarles mi emoci\u00f3n de poder compartir mi escritura con ustedes, espero que me entiendan y que les guste. \ufffd\ufffd<!--more--><br \/>\nYa tenemos la fecha del te\u00f3rico, ser\u00e1 el 25 de Junio y el contenido que entra en el parcial es<br \/>\ntoda la Unidad 1 y 2. La propuesta es online y vamos a tener todo el d\u00eda para resolverlo<br \/>\ndesde casa.<br \/>\nLa semana que viene no habr\u00e1 clases, est\u00e1 programado un paro nacional para el martes y<br \/>\nmi\u00e9rcoles pr\u00f3ximos. \u00a1Est\u00e9n atentos al blog porque la profe va a indicar una actividad para<br \/>\nrealizar!<br \/>\nDichos todos estos anuncios, arrancamos la clase con el recorrido de lectura que estuvimos<br \/>\nhaciendo. Un compa\u00f1ero cit\u00f3 el caso de \u201cFernando\u201d, la entrevista que le hizo TN en la<br \/>\nc\u00e1rcel a M\u00e1ximo Thomsen. Hablamos de la pauta, de la construcci\u00f3n del discurso, de los<br \/>\nactos del habla. Otro recorrido fue, una entrevista que le hicieron al jugador uruguayo de<br \/>\nRosario Central, Facundo Mallo, en la \u201cMarcha del silencio\u201d, que se realiza cada 20 mayo en<br \/>\nel pa\u00eds vecino, en memoria de la dictadura c\u00edvico militar durante los a\u00f1os 1973 y 1985,<br \/>\nreclamando verdad y justicia. Hablamos sobre el rol de los deportistas en esa \u00e9poca, el<br \/>\nsilencio que hubo durante muchos a\u00f1os y el papel del periodismo, una prensa clandestina<br \/>\nque no pod\u00eda declarar sus fuentes.<br \/>\nTema que sirvi\u00f3 de introducci\u00f3n para uno de los \u00faltimos textos de la Unidad 1, \u201cEl Valor de<br \/>\nla informaci\u00f3n\u201d, Mar de Fontcuberta, que refiere a las fuentes informativas. Vimos sus<br \/>\ncaracter\u00edsticas, referencias, los diferentes tipos, las noticias de primera y segunda mano.<br \/>\nEmpezamos a recorrer la Unidad 2, arrancamos con el texto \u201cTras las l\u00edneas, Sobre la<br \/>\nlectura contempor\u00e1nea\u201d, Daniel Cassani, \u00bfque es leer?, analizamos al lector, la<br \/>\nproducci\u00f3n de sentidos que se materializa en el proceso de leer, la diversidad de lectores, la<br \/>\nconcepci\u00f3n ling\u00fc\u00edstica, psicoling\u00fc\u00edstica y sociocultural.<br \/>\nPor \u00faltimo, la profe nos dejo para leer para el pr\u00f3ximo encuentro estos tres textos:<br \/>\n&#8211; \u201cEl proceso de lectura, una actividad con facetas diversas\u201d, Claudia Mazza.<br \/>\n&#8211; \u201cLa influencia de los soportes textuales en las pr\u00e1cticas de lectura: un recorrido por<br \/>\nla historia de los textos escritos, una ficha de la c\u00e1tedra de Redacci\u00f3n 1\u201d, Cecilia<br \/>\nReviglio.<br \/>\n&#8211; Hacia una antropolog\u00eda de los lectores, \u201centonces, qu\u00e9 es leer\u201d, Garcia Canclini.<br \/>\n\u00a1Buen finde para todos!<br \/>\nValeria<\/p>\n","protected":false},"excerpt":{"rendered":"<p>\u00a1Hola compa\u00f1eras y compa\u00f1eros! Lo primero que la profe anunci\u00f3 en la clase, fue que a partir de ahora, la tarea de hacer el resumen de clases que antes ten\u00eda Bel\u00e9n, pasa a ser responsabilidad de nosotros, los alumnos. En esta ocasi\u00f3n me ofrec\u00ed para asumir el compromiso de redactar lo que lo vimos en [&hellip;]<\/p>\n","protected":false},"author":46,"featured_media":0,"comment_status":"closed","ping_status":"open","sticky":false,"template":"","format":"standard","meta":{"footnotes":""},"categories":[39,7],"tags":[],"_links":{"self":[{"href":"https:\/\/redaccion1.fcpolit.unr.edu.ar\/comision-liberatore\/wp-json\/wp\/v2\/posts\/3563"}],"collection":[{"href":"https:\/\/redaccion1.fcpolit.unr.edu.ar\/comision-liberatore\/wp-json\/wp\/v2\/posts"}],"about":[{"href":"https:\/\/redaccion1.fcpolit.unr.edu.ar\/comision-liberatore\/wp-json\/wp\/v2\/types\/post"}],"author":[{"embeddable":true,"href":"https:\/\/redaccion1.fcpolit.unr.edu.ar\/comision-liberatore\/wp-json\/wp\/v2\/users\/46"}],"replies":[{"embeddable":true,"href":"https:\/\/redaccion1.fcpolit.unr.edu.ar\/comision-liberatore\/wp-json\/wp\/v2\/comments?post=3563"}],"version-history":[{"count":1,"href":"https:\/\/redaccion1.fcpolit.unr.edu.ar\/comision-liberatore\/wp-json\/wp\/v2\/posts\/3563\/revisions"}],"predecessor-version":[{"id":3564,"href":"https:\/\/redaccion1.fcpolit.unr.edu.ar\/comision-liberatore\/wp-json\/wp\/v2\/posts\/3563\/revisions\/3564"}],"wp:attachment":[{"href":"https:\/\/redaccion1.fcpolit.unr.edu.ar\/comision-liberatore\/wp-json\/wp\/v2\/media?parent=3563"}],"wp:term":[{"taxonomy":"category","embeddable":true,"href":"https:\/\/redaccion1.fcpolit.unr.edu.ar\/comision-liberatore\/wp-json\/wp\/v2\/categories?post=3563"},{"taxonomy":"post_tag","embeddable":true,"href":"https:\/\/redaccion1.fcpolit.unr.edu.ar\/comision-liberatore\/wp-json\/wp\/v2\/tags?post=3563"}],"curies":[{"name":"wp","href":"https:\/\/api.w.org\/{rel}","templated":true}]}}