{"id":3553,"date":"2024-05-21T17:33:24","date_gmt":"2024-05-21T20:33:24","guid":{"rendered":"https:\/\/redaccion1.fcpolit.unr.edu.ar\/comision-liberatore\/?p=3553"},"modified":"2024-05-21T17:33:24","modified_gmt":"2024-05-21T20:33:24","slug":"miercoles-22-de-mayo-ambas-comisiones","status":"publish","type":"post","link":"https:\/\/redaccion1.fcpolit.unr.edu.ar\/comision-liberatore\/2024\/05\/21\/miercoles-22-de-mayo-ambas-comisiones\/","title":{"rendered":"Mi\u00e9rcoles 22 de mayo. Ambas comisiones"},"content":{"rendered":"<p>Estimad\u00edsimos\/as<\/p>\n<p>&nbsp;<\/p>\n<p>En vistas de que ma\u00f1ana las instalaciones de la facultad permanecer\u00e1n cerradas,\u00a0 los invitamos a participar de una consulta virtual no obligatoria, que permitir\u00e1 encontrarnos para definir y ajustar los temas para el TP Integrador, y tambi\u00e9n para repensar y problematizar &#8220;actos de habla&#8221;.<\/p>\n<p>La cita para la primera comisi\u00f3n ser\u00e1 a las 15h<\/p>\n<p>y \u00b4para la segunda a las 17h.<\/p>\n<p>Minutos antes de cada encuentro, publicar\u00e9 por este medio, el enlace para trabajar juntos.<\/p>\n<p>Hasta ma\u00f1ana<\/p>\n","protected":false},"excerpt":{"rendered":"<p>Estimad\u00edsimos\/as &nbsp; En vistas de que ma\u00f1ana las instalaciones de la facultad permanecer\u00e1n cerradas,\u00a0 los invitamos a participar de una consulta virtual no obligatoria, que permitir\u00e1 encontrarnos para definir y ajustar los temas para el TP Integrador, y tambi\u00e9n para repensar y problematizar &#8220;actos de habla&#8221;. La cita para la primera comisi\u00f3n ser\u00e1 a las [&hellip;]<\/p>\n","protected":false},"author":46,"featured_media":0,"comment_status":"closed","ping_status":"open","sticky":false,"template":"","format":"standard","meta":{"footnotes":""},"categories":[39,32],"tags":[],"_links":{"self":[{"href":"https:\/\/redaccion1.fcpolit.unr.edu.ar\/comision-liberatore\/wp-json\/wp\/v2\/posts\/3553"}],"collection":[{"href":"https:\/\/redaccion1.fcpolit.unr.edu.ar\/comision-liberatore\/wp-json\/wp\/v2\/posts"}],"about":[{"href":"https:\/\/redaccion1.fcpolit.unr.edu.ar\/comision-liberatore\/wp-json\/wp\/v2\/types\/post"}],"author":[{"embeddable":true,"href":"https:\/\/redaccion1.fcpolit.unr.edu.ar\/comision-liberatore\/wp-json\/wp\/v2\/users\/46"}],"replies":[{"embeddable":true,"href":"https:\/\/redaccion1.fcpolit.unr.edu.ar\/comision-liberatore\/wp-json\/wp\/v2\/comments?post=3553"}],"version-history":[{"count":1,"href":"https:\/\/redaccion1.fcpolit.unr.edu.ar\/comision-liberatore\/wp-json\/wp\/v2\/posts\/3553\/revisions"}],"predecessor-version":[{"id":3554,"href":"https:\/\/redaccion1.fcpolit.unr.edu.ar\/comision-liberatore\/wp-json\/wp\/v2\/posts\/3553\/revisions\/3554"}],"wp:attachment":[{"href":"https:\/\/redaccion1.fcpolit.unr.edu.ar\/comision-liberatore\/wp-json\/wp\/v2\/media?parent=3553"}],"wp:term":[{"taxonomy":"category","embeddable":true,"href":"https:\/\/redaccion1.fcpolit.unr.edu.ar\/comision-liberatore\/wp-json\/wp\/v2\/categories?post=3553"},{"taxonomy":"post_tag","embeddable":true,"href":"https:\/\/redaccion1.fcpolit.unr.edu.ar\/comision-liberatore\/wp-json\/wp\/v2\/tags?post=3553"}],"curies":[{"name":"wp","href":"https:\/\/api.w.org\/{rel}","templated":true}]}}