{"id":3488,"date":"2005-06-08T10:20:09","date_gmt":"2005-06-08T10:20:09","guid":{"rendered":"http:\/\/fcpolit.unr.edu.ar\/blogs\/redaccion1-liberatore\/2005\/06\/08\/actividad-charla-de-nelson-castro\/"},"modified":"2005-06-08T10:20:09","modified_gmt":"2005-06-08T10:20:09","slug":"actividad-charla-de-nelson-castro","status":"publish","type":"post","link":"https:\/\/redaccion1.fcpolit.unr.edu.ar\/comision-liberatore\/2005\/06\/08\/actividad-charla-de-nelson-castro\/","title":{"rendered":"Actividad Charla de Nelson Castro"},"content":{"rendered":"<p>Estimados alumnos,<br \/>\nEn el marco de Charla a cargo del periodista Nelson Castro organizada para el d\u00eda Viernes 10 de junio, les proponemos una actividad que nos permita recuperar y asmilar la informaci\u00f3n y las experiencias vividas en el encuentro.<br \/>\nEs importante que la entrega la realicen antes del d\u00eda mi\u00e9rcoles 15 de junio.<\/p>\n<p><!--more--><br \/>\n<strong>Autora:<\/strong>  Alejandra Mart\u00ednez<br \/>\n<strong>Primera parte: <\/strong><br \/>\n\u00b7\tBuscar informaci\u00f3n relacionada a Nelson Castro por diversos medios (revistas, internet, radio, TV, diarios)<br \/>\n<strong>Segunda Parte:<\/strong>\u00b7\tAsistir a la charla.<br \/>\n\u00b7\tDeterminar a qu\u00e9 audiencia apunta la misma.<br \/>\n\u00b7\tPrecisar el tema tratado.<br \/>\n<strong>Tercera parte:<\/strong>\u00b7\tDefinir medio de publicaci\u00f3n y audiencia del texto.<br \/>\n\u00b7\tProducir un texto en el cual se haga referencia tanto a la charla, como al trabajo de Nelson Castro. Realizar este texto en base al Modelo Hayes y Flower.<br \/>\n<strong>Cuarta parte:<\/strong>\u00b7\tBuscar en diarios noticias o comentarios sobre la charla de Nelson Castro y marcar en ellos los actos de habla.<\/p>\n","protected":false},"excerpt":{"rendered":"<p>Estimados alumnos, En el marco de Charla a cargo del periodista Nelson Castro organizada para el d\u00eda Viernes 10 de junio, les proponemos una actividad que nos permita recuperar y asmilar la informaci\u00f3n y las experiencias vividas en el encuentro. Es importante que la entrega la realicen antes del d\u00eda mi\u00e9rcoles 15 de junio.<\/p>\n","protected":false},"author":19,"featured_media":0,"comment_status":"open","ping_status":"open","sticky":false,"template":"","format":"standard","meta":{"footnotes":""},"categories":[3],"tags":[],"_links":{"self":[{"href":"https:\/\/redaccion1.fcpolit.unr.edu.ar\/comision-liberatore\/wp-json\/wp\/v2\/posts\/3488"}],"collection":[{"href":"https:\/\/redaccion1.fcpolit.unr.edu.ar\/comision-liberatore\/wp-json\/wp\/v2\/posts"}],"about":[{"href":"https:\/\/redaccion1.fcpolit.unr.edu.ar\/comision-liberatore\/wp-json\/wp\/v2\/types\/post"}],"author":[{"embeddable":true,"href":"https:\/\/redaccion1.fcpolit.unr.edu.ar\/comision-liberatore\/wp-json\/wp\/v2\/users\/19"}],"replies":[{"embeddable":true,"href":"https:\/\/redaccion1.fcpolit.unr.edu.ar\/comision-liberatore\/wp-json\/wp\/v2\/comments?post=3488"}],"version-history":[{"count":0,"href":"https:\/\/redaccion1.fcpolit.unr.edu.ar\/comision-liberatore\/wp-json\/wp\/v2\/posts\/3488\/revisions"}],"wp:attachment":[{"href":"https:\/\/redaccion1.fcpolit.unr.edu.ar\/comision-liberatore\/wp-json\/wp\/v2\/media?parent=3488"}],"wp:term":[{"taxonomy":"category","embeddable":true,"href":"https:\/\/redaccion1.fcpolit.unr.edu.ar\/comision-liberatore\/wp-json\/wp\/v2\/categories?post=3488"},{"taxonomy":"post_tag","embeddable":true,"href":"https:\/\/redaccion1.fcpolit.unr.edu.ar\/comision-liberatore\/wp-json\/wp\/v2\/tags?post=3488"}],"curies":[{"name":"wp","href":"https:\/\/api.w.org\/{rel}","templated":true}]}}