{"id":33,"date":"2006-05-26T20:09:45","date_gmt":"2006-05-26T20:09:45","guid":{"rendered":"http:\/\/fcpolit.unr.edu.ar\/blogs\/redaccion1-liberatore\/2006\/05\/26\/taller-de-lectura-no3\/"},"modified":"2006-05-26T20:09:45","modified_gmt":"2006-05-26T20:09:45","slug":"taller-de-lectura-no3","status":"publish","type":"post","link":"https:\/\/redaccion1.fcpolit.unr.edu.ar\/comision-liberatore\/2006\/05\/26\/taller-de-lectura-no3\/","title":{"rendered":"Taller de lectura N\u00ba3"},"content":{"rendered":"<p>Consigna:<br \/>\n1- A partir del recorrido realizado en el taller de lectura n\u00ba 2, elegir una noticia y especificar la fuente y fecha de la misma.<br \/>\n2- Teniendo en cuenta el texto base n\u00ba 5 \u201cImportancia de la etapa de planificaci\u00f3n de la escritura\u201d, apropiate de la noticia seleccionada y desarroll\u00e1, como si fueras el autor de la misma, la lista de ideas, el racimo asociativo y el mapa de ideas.<br \/>\n3- Escribir a un amigo, a modo de carta o correo electr\u00f3nico, un texto en el cual le cuentes el contenido y tu opini\u00f3n respecto a la noticia (extensi\u00f3n: diez l\u00edneas).<\/p>\n","protected":false},"excerpt":{"rendered":"<p>Consigna: 1- A partir del recorrido realizado en el taller de lectura n\u00ba 2, elegir una noticia y especificar la fuente y fecha de la misma. 2- Teniendo en cuenta el texto base n\u00ba 5 \u201cImportancia de la etapa de planificaci\u00f3n de la escritura\u201d, apropiate de la noticia seleccionada y desarroll\u00e1, como si fueras el [&hellip;]<\/p>\n","protected":false},"author":19,"featured_media":0,"comment_status":"open","ping_status":"closed","sticky":false,"template":"","format":"standard","meta":{"footnotes":""},"categories":[3],"tags":[],"_links":{"self":[{"href":"https:\/\/redaccion1.fcpolit.unr.edu.ar\/comision-liberatore\/wp-json\/wp\/v2\/posts\/33"}],"collection":[{"href":"https:\/\/redaccion1.fcpolit.unr.edu.ar\/comision-liberatore\/wp-json\/wp\/v2\/posts"}],"about":[{"href":"https:\/\/redaccion1.fcpolit.unr.edu.ar\/comision-liberatore\/wp-json\/wp\/v2\/types\/post"}],"author":[{"embeddable":true,"href":"https:\/\/redaccion1.fcpolit.unr.edu.ar\/comision-liberatore\/wp-json\/wp\/v2\/users\/19"}],"replies":[{"embeddable":true,"href":"https:\/\/redaccion1.fcpolit.unr.edu.ar\/comision-liberatore\/wp-json\/wp\/v2\/comments?post=33"}],"version-history":[{"count":0,"href":"https:\/\/redaccion1.fcpolit.unr.edu.ar\/comision-liberatore\/wp-json\/wp\/v2\/posts\/33\/revisions"}],"wp:attachment":[{"href":"https:\/\/redaccion1.fcpolit.unr.edu.ar\/comision-liberatore\/wp-json\/wp\/v2\/media?parent=33"}],"wp:term":[{"taxonomy":"category","embeddable":true,"href":"https:\/\/redaccion1.fcpolit.unr.edu.ar\/comision-liberatore\/wp-json\/wp\/v2\/categories?post=33"},{"taxonomy":"post_tag","embeddable":true,"href":"https:\/\/redaccion1.fcpolit.unr.edu.ar\/comision-liberatore\/wp-json\/wp\/v2\/tags?post=33"}],"curies":[{"name":"wp","href":"https:\/\/api.w.org\/{rel}","templated":true}]}}