{"id":32,"date":"2006-05-24T13:48:33","date_gmt":"2006-05-24T13:48:33","guid":{"rendered":"http:\/\/fcpolit.unr.edu.ar\/blogs\/redaccion1-liberatore\/2006\/05\/24\/noticia-de-ultimo-momento\/"},"modified":"2006-05-24T13:48:33","modified_gmt":"2006-05-24T13:48:33","slug":"noticia-de-ultimo-momento","status":"publish","type":"post","link":"https:\/\/redaccion1.fcpolit.unr.edu.ar\/comision-liberatore\/2006\/05\/24\/noticia-de-ultimo-momento\/","title":{"rendered":"Noticia de \u00faltimo momento"},"content":{"rendered":"<p>Anoche la COAD decidi\u00f3 finalmente que hoy, mi\u00e9rcoles 24 de mayo, haya paro de actividades en las Facultades de la UNR. Debido a esto, las actividades programadas en las comisiones de las 17 y las 20 horas, quedar\u00e1n pendientes hasta la semana pr\u00f3xima. Saludos a todos.<\/p>\n","protected":false},"excerpt":{"rendered":"<p>Anoche la COAD decidi\u00f3 finalmente que hoy, mi\u00e9rcoles 24 de mayo, haya paro de actividades en las Facultades de la UNR. Debido a esto, las actividades programadas en las comisiones de las 17 y las 20 horas, quedar\u00e1n pendientes hasta la semana pr\u00f3xima. Saludos a todos.<\/p>\n","protected":false},"author":19,"featured_media":0,"comment_status":"open","ping_status":"closed","sticky":false,"template":"","format":"standard","meta":{"footnotes":""},"categories":[3],"tags":[],"_links":{"self":[{"href":"https:\/\/redaccion1.fcpolit.unr.edu.ar\/comision-liberatore\/wp-json\/wp\/v2\/posts\/32"}],"collection":[{"href":"https:\/\/redaccion1.fcpolit.unr.edu.ar\/comision-liberatore\/wp-json\/wp\/v2\/posts"}],"about":[{"href":"https:\/\/redaccion1.fcpolit.unr.edu.ar\/comision-liberatore\/wp-json\/wp\/v2\/types\/post"}],"author":[{"embeddable":true,"href":"https:\/\/redaccion1.fcpolit.unr.edu.ar\/comision-liberatore\/wp-json\/wp\/v2\/users\/19"}],"replies":[{"embeddable":true,"href":"https:\/\/redaccion1.fcpolit.unr.edu.ar\/comision-liberatore\/wp-json\/wp\/v2\/comments?post=32"}],"version-history":[{"count":0,"href":"https:\/\/redaccion1.fcpolit.unr.edu.ar\/comision-liberatore\/wp-json\/wp\/v2\/posts\/32\/revisions"}],"wp:attachment":[{"href":"https:\/\/redaccion1.fcpolit.unr.edu.ar\/comision-liberatore\/wp-json\/wp\/v2\/media?parent=32"}],"wp:term":[{"taxonomy":"category","embeddable":true,"href":"https:\/\/redaccion1.fcpolit.unr.edu.ar\/comision-liberatore\/wp-json\/wp\/v2\/categories?post=32"},{"taxonomy":"post_tag","embeddable":true,"href":"https:\/\/redaccion1.fcpolit.unr.edu.ar\/comision-liberatore\/wp-json\/wp\/v2\/tags?post=32"}],"curies":[{"name":"wp","href":"https:\/\/api.w.org\/{rel}","templated":true}]}}