{"id":311,"date":"2012-03-31T12:58:21","date_gmt":"2012-03-31T12:58:21","guid":{"rendered":"http:\/\/fcpolit.unr.edu.ar\/blogs\/redaccion1-liberatore\/2012\/03\/31\/primer-encuentro\/"},"modified":"2012-03-31T12:58:21","modified_gmt":"2012-03-31T12:58:21","slug":"primer-encuentro","status":"publish","type":"post","link":"https:\/\/redaccion1.fcpolit.unr.edu.ar\/comision-liberatore\/2012\/03\/31\/primer-encuentro\/","title":{"rendered":"Primer encuentro"},"content":{"rendered":"<p>Comenzar una nueva actividad tiene dos cara, la expectativa y las ganas de que lo que vendr\u00e1 ser\u00e1 algo bueno y estimulante; pero tambi\u00e9n esa sensaci\u00f3n de inseguridad, de aquello que desconocemos y no sabemos a ciencia cierta hacia donde nos llevar\u00e1.<br \/>\n<img loading=\"lazy\" decoding=\"async\" src=\"http:\/\/www.bdp.org.ar\/facultad\/catedras\/comsoc\/redaccion1\/liberatore\/imagesCAKCCE2Q.jpg\" alt=\"imagesCAKCCE2Q.jpg\" width=\"126\" height=\"123\" align=\"right\" hspace=\"20\" \/><br \/>\nRedactar tambi\u00e9n tiene esa doble faz. Arrancar, no es f\u00e1cil, a\u00fan si tenemos ideas y propuestas para hacer; y encima que estas cuestiones se transformen en un texto es otra cosa, adem\u00e1s el resultado no siempre es lo que ten\u00edamos pensado&#8230;&#8230;&#8230;.. En definitiva, redactar es poner el pensamiento y la acci\u00f3n hacia un punto esperado \u00bfc\u00f3mo llegar? \u00bfc\u00f3mo transitar este camino? \u00bfc\u00f3mo disfrutarlo? &#8230;&#8230;<\/p>\n<p><!--more--><br \/>\nEn nuestro primer encuentro en Redacci\u00f3n 1, marcamos el horizonte hasta diciembre y dejamos se\u00f1as a lo largo del camino para evitar perdernos y llegar a nuestro objetivo.<br \/>\nLos primero pasos son explorar las herramientas y recursos que se proponen para el trabajo, tanto la p\u00e1gina acad\u00e9mica como el Bligoo, tambi\u00e9n revisar con atenci\u00f3n las caracter\u00edsticas de publicaci\u00f3n como de presentaci\u00f3n de materiales y \u00e1dem\u00e1s, comenzar a redactar el primer Trabajo Pr\u00e1ctico.<br \/>\nEl pensamiento y la acci\u00f3n ya est\u00e1n en movimiento, no podemos perdernos porque estaremos conectados y cerca.<br \/>\nTenemos muchas cosas para decir, ahora es tiempo de empezar a trabajar para lograr que sean visibles y comprendidas.<\/p>\n","protected":false},"excerpt":{"rendered":"<p>Comenzar una nueva actividad tiene dos cara, la expectativa y las ganas de que lo que vendr\u00e1 ser\u00e1 algo bueno y estimulante; pero tambi\u00e9n esa sensaci\u00f3n de inseguridad, de aquello que desconocemos y no sabemos a ciencia cierta hacia donde nos llevar\u00e1. Redactar tambi\u00e9n tiene esa doble faz. Arrancar, no es f\u00e1cil, a\u00fan si tenemos [&hellip;]<\/p>\n","protected":false},"author":19,"featured_media":0,"comment_status":"open","ping_status":"closed","sticky":false,"template":"","format":"standard","meta":{"footnotes":""},"categories":[14,3],"tags":[],"_links":{"self":[{"href":"https:\/\/redaccion1.fcpolit.unr.edu.ar\/comision-liberatore\/wp-json\/wp\/v2\/posts\/311"}],"collection":[{"href":"https:\/\/redaccion1.fcpolit.unr.edu.ar\/comision-liberatore\/wp-json\/wp\/v2\/posts"}],"about":[{"href":"https:\/\/redaccion1.fcpolit.unr.edu.ar\/comision-liberatore\/wp-json\/wp\/v2\/types\/post"}],"author":[{"embeddable":true,"href":"https:\/\/redaccion1.fcpolit.unr.edu.ar\/comision-liberatore\/wp-json\/wp\/v2\/users\/19"}],"replies":[{"embeddable":true,"href":"https:\/\/redaccion1.fcpolit.unr.edu.ar\/comision-liberatore\/wp-json\/wp\/v2\/comments?post=311"}],"version-history":[{"count":0,"href":"https:\/\/redaccion1.fcpolit.unr.edu.ar\/comision-liberatore\/wp-json\/wp\/v2\/posts\/311\/revisions"}],"wp:attachment":[{"href":"https:\/\/redaccion1.fcpolit.unr.edu.ar\/comision-liberatore\/wp-json\/wp\/v2\/media?parent=311"}],"wp:term":[{"taxonomy":"category","embeddable":true,"href":"https:\/\/redaccion1.fcpolit.unr.edu.ar\/comision-liberatore\/wp-json\/wp\/v2\/categories?post=311"},{"taxonomy":"post_tag","embeddable":true,"href":"https:\/\/redaccion1.fcpolit.unr.edu.ar\/comision-liberatore\/wp-json\/wp\/v2\/tags?post=311"}],"curies":[{"name":"wp","href":"https:\/\/api.w.org\/{rel}","templated":true}]}}