{"id":301,"date":"2011-10-10T11:20:48","date_gmt":"2011-10-10T11:20:48","guid":{"rendered":"http:\/\/fcpolit.unr.edu.ar\/blogs\/redaccion1-liberatore\/2011\/10\/10\/cruces-narrativos\/"},"modified":"2011-10-10T11:20:48","modified_gmt":"2011-10-10T11:20:48","slug":"cruces-narrativos","status":"publish","type":"post","link":"https:\/\/redaccion1.fcpolit.unr.edu.ar\/comision-liberatore\/2011\/10\/10\/cruces-narrativos\/","title":{"rendered":"Cruces narrativos"},"content":{"rendered":"<p>Aqu\u00ed dejamos algunos v\u00ednculos hacia espacios narrativos cruzados, mezclados, entreverados, ex\u00f3ticos, sorprendentes&#8230;&#8230;&#8230;&#8230;<br \/>\n<a href=\"http:\/\/www.bdp.org.ar\/facultad\/catedras\/comsoc\/redaccion1\/liberatore\/2008\/10\/juan_pablo_meneses.php\">Cr\u00f3nica digital<\/a><br \/>\n<a href=\"http:\/\/www.bdp.org.ar\/facultad\/catedras\/comsoc\/redaccion1\/liberatore\/2008\/05\/periodismo_y_narracion_desafio.php\">Periodismo y narraci\u00f3n<\/a><br \/>\n<a href=\"http:\/\/www.bdp.org.ar\/facultad\/catedras\/comsoc\/redaccion1\/liberatore\/2008\/10\/indudablemente_la_apertura_y_m.php\">Periodismo ciudaddano<\/a><br \/>\n<a href=\"http:\/\/www.bdp.org.ar\/facultad\/catedras\/comsoc\/redaccion1\/liberatore\/2006\/10\/la_no_ficcion_en_el_limite_ent.php\">La no ficci\u00f3n<\/a><\/p>\n","protected":false},"excerpt":{"rendered":"<p>Aqu\u00ed dejamos algunos v\u00ednculos hacia espacios narrativos cruzados, mezclados, entreverados, ex\u00f3ticos, sorprendentes&#8230;&#8230;&#8230;&#8230; Cr\u00f3nica digital Periodismo y narraci\u00f3n Periodismo ciudaddano La no ficci\u00f3n<\/p>\n","protected":false},"author":19,"featured_media":0,"comment_status":"open","ping_status":"closed","sticky":false,"template":"","format":"standard","meta":{"footnotes":""},"categories":[11],"tags":[],"_links":{"self":[{"href":"https:\/\/redaccion1.fcpolit.unr.edu.ar\/comision-liberatore\/wp-json\/wp\/v2\/posts\/301"}],"collection":[{"href":"https:\/\/redaccion1.fcpolit.unr.edu.ar\/comision-liberatore\/wp-json\/wp\/v2\/posts"}],"about":[{"href":"https:\/\/redaccion1.fcpolit.unr.edu.ar\/comision-liberatore\/wp-json\/wp\/v2\/types\/post"}],"author":[{"embeddable":true,"href":"https:\/\/redaccion1.fcpolit.unr.edu.ar\/comision-liberatore\/wp-json\/wp\/v2\/users\/19"}],"replies":[{"embeddable":true,"href":"https:\/\/redaccion1.fcpolit.unr.edu.ar\/comision-liberatore\/wp-json\/wp\/v2\/comments?post=301"}],"version-history":[{"count":0,"href":"https:\/\/redaccion1.fcpolit.unr.edu.ar\/comision-liberatore\/wp-json\/wp\/v2\/posts\/301\/revisions"}],"wp:attachment":[{"href":"https:\/\/redaccion1.fcpolit.unr.edu.ar\/comision-liberatore\/wp-json\/wp\/v2\/media?parent=301"}],"wp:term":[{"taxonomy":"category","embeddable":true,"href":"https:\/\/redaccion1.fcpolit.unr.edu.ar\/comision-liberatore\/wp-json\/wp\/v2\/categories?post=301"},{"taxonomy":"post_tag","embeddable":true,"href":"https:\/\/redaccion1.fcpolit.unr.edu.ar\/comision-liberatore\/wp-json\/wp\/v2\/tags?post=301"}],"curies":[{"name":"wp","href":"https:\/\/api.w.org\/{rel}","templated":true}]}}