{"id":288,"date":"2011-09-06T00:47:46","date_gmt":"2011-09-06T00:47:46","guid":{"rendered":"http:\/\/fcpolit.unr.edu.ar\/blogs\/redaccion1-liberatore\/2011\/09\/06\/noticia-cadaver-exquisito\/"},"modified":"2011-09-06T00:47:46","modified_gmt":"2011-09-06T00:47:46","slug":"noticia-cadaver-exquisito","status":"publish","type":"post","link":"https:\/\/redaccion1.fcpolit.unr.edu.ar\/comision-liberatore\/2011\/09\/06\/noticia-cadaver-exquisito\/","title":{"rendered":"Noticia Cad\u00e1ver Exquisito"},"content":{"rendered":"<p>Hace dos semanas los alumnos de la comisi\u00f3n 6 tuvieron que hacer una noticia entre todos. La propuesta fue inventar un hecho policial. Ana y Gala dieron los detalles para armar el texto en una conferencia de prensa en la cu\u00e1l los chicos tuvieron que ir preguntando datos sobre el hecho para luego escribir la noticia.<br \/>\nEl curso se dividi\u00f3 en varios grupos y cada uno tuvo que escribir un p\u00e1rrafo. El t\u00edtulo lo pusimos entre todos.<br \/>\n\u00a1Los invitamos a ver lo que escribieron entre todos!<\/p>\n<p><!--more--><br \/>\n<em>Ocurri\u00f3 el pasado viernes 19 de Agosto<\/em><br \/>\n<strong>Asesinato pasional en la Siberia <\/strong><br \/>\n<img loading=\"lazy\" decoding=\"async\" alt=\"GetAttachment.jpg\" src=\"http:\/\/www.bdp.org.ar\/facultad\/catedras\/comsoc\/redaccion1\/liberatore\/GetAttachment.jpg\" width=\"200\" height=\"126\" hspace=\"20\" \/>El pasado viernes, alrededor de las 23 Hs, en las inmediaciones de la Ciudad Universitaria de Rosario, Gabriel Bocchio (18 a\u00f1os) asesin\u00f3 de 24 pu\u00f1aladas a su compa\u00f1ero Esteban Palma (19 a\u00f1os). El hecho sucedi\u00f3 debido a una traici\u00f3n amorosa por parte de la v\u00edctima con la novia del asesino, Gala Decima Kozameh (22).<br \/>\nEsteban estaba saliendo de la Facultad de Ciencia Pol\u00edtica cuando fue interceptado por el asesino Gabriel quien lo sorprendi\u00f3 y lo apu\u00f1al\u00f3 por la espalda utilizando un cuchillo de cocina. La v\u00edctima fue trasladada por la ambulancia del SAME al hospital m\u00e1s cercano. El muchacho muri\u00f3 dos d\u00edas despu\u00e9s en el HECA a causa de una hemorragia interna.<br \/>\nEl imputado fue trasladado a la comisaria N\u00b05 luego de que fuentes policiales confirmaran que el arma homicida fuera acu\u00f1ada por el mismo. Bocchio fue encontrado vagando por el barrio y no present\u00f3 resistencia cuando la polic\u00eda se acerc\u00f3. Seg\u00fan testimonios policiales, el asesinato s\u00f3lo se debi\u00f3 al desenga\u00f1o amoroso. Bocchio actualmente est\u00e1 detenido y se niega a declarar.<br \/>\nEn tanto, la facultad permanecer\u00e1 cerrada en el d\u00eda de hoy debido a que por la tarde se realizar\u00e1 una movilizaci\u00f3n de estudiantes en busca de justicia.<\/p>\n","protected":false},"excerpt":{"rendered":"<p>Hace dos semanas los alumnos de la comisi\u00f3n 6 tuvieron que hacer una noticia entre todos. La propuesta fue inventar un hecho policial. Ana y Gala dieron los detalles para armar el texto en una conferencia de prensa en la cu\u00e1l los chicos tuvieron que ir preguntando datos sobre el hecho para luego escribir la [&hellip;]<\/p>\n","protected":false},"author":16,"featured_media":0,"comment_status":"open","ping_status":"closed","sticky":false,"template":"","format":"standard","meta":{"footnotes":""},"categories":[4],"tags":[],"_links":{"self":[{"href":"https:\/\/redaccion1.fcpolit.unr.edu.ar\/comision-liberatore\/wp-json\/wp\/v2\/posts\/288"}],"collection":[{"href":"https:\/\/redaccion1.fcpolit.unr.edu.ar\/comision-liberatore\/wp-json\/wp\/v2\/posts"}],"about":[{"href":"https:\/\/redaccion1.fcpolit.unr.edu.ar\/comision-liberatore\/wp-json\/wp\/v2\/types\/post"}],"author":[{"embeddable":true,"href":"https:\/\/redaccion1.fcpolit.unr.edu.ar\/comision-liberatore\/wp-json\/wp\/v2\/users\/16"}],"replies":[{"embeddable":true,"href":"https:\/\/redaccion1.fcpolit.unr.edu.ar\/comision-liberatore\/wp-json\/wp\/v2\/comments?post=288"}],"version-history":[{"count":0,"href":"https:\/\/redaccion1.fcpolit.unr.edu.ar\/comision-liberatore\/wp-json\/wp\/v2\/posts\/288\/revisions"}],"wp:attachment":[{"href":"https:\/\/redaccion1.fcpolit.unr.edu.ar\/comision-liberatore\/wp-json\/wp\/v2\/media?parent=288"}],"wp:term":[{"taxonomy":"category","embeddable":true,"href":"https:\/\/redaccion1.fcpolit.unr.edu.ar\/comision-liberatore\/wp-json\/wp\/v2\/categories?post=288"},{"taxonomy":"post_tag","embeddable":true,"href":"https:\/\/redaccion1.fcpolit.unr.edu.ar\/comision-liberatore\/wp-json\/wp\/v2\/tags?post=288"}],"curies":[{"name":"wp","href":"https:\/\/api.w.org\/{rel}","templated":true}]}}