{"id":256,"date":"2011-05-16T19:55:22","date_gmt":"2011-05-16T19:55:22","guid":{"rendered":"http:\/\/fcpolit.unr.edu.ar\/blogs\/redaccion1-liberatore\/2011\/05\/16\/resumen-de-clase-11-de-mayo-comision-6-1700\/"},"modified":"2011-05-16T19:55:22","modified_gmt":"2011-05-16T19:55:22","slug":"resumen-de-clase-11-de-mayo-comision-6-1700","status":"publish","type":"post","link":"https:\/\/redaccion1.fcpolit.unr.edu.ar\/comision-liberatore\/2011\/05\/16\/resumen-de-clase-11-de-mayo-comision-6-1700\/","title":{"rendered":"Resumen de clase, 11 de mayo. Comisi\u00f3n 6 (17:00)"},"content":{"rendered":"<p><em>Por Esteban Palma <\/em><br \/>\nExiste una delgada l\u00ednea que separa la valent\u00eda de la estupidez. En la guerra quienes<br \/>\nno logran diferenciar una de otra acaban muertos; pero en la clase de redacci\u00f3n<br \/>\ndesconocer este l\u00edmite te lleva a escribir el resumen de la clase voluntariamente, incluso<br \/>\nantes de que la dedocracia lo decida por vos. Luego de esta breve introducci\u00f3n dejo a disposici\u00f3n de los compa\u00f1eros el resumen de la clase del 11\/05 a las 17hs:<\/p>\n<p><!--more--><br \/>\nEn un principio se habl\u00f3 sobre el trabajo pr\u00e1ctico planteado la semana anterior<br \/>\n(Planificando y Produciendo), se aclararon algunas dudas al respecto y algunos narraron su experiencia al realizarlo. Posterior a eso, extra\u00f1amente, pasamos directamente a la teor\u00eda sin comentar las lecturas de la semana. Durante el desarrollo de la teor\u00eda se plantearon algunas dudas respecto a la intencionalidad de los actos del habla, las cuales tanto Ana como Gala se encargaron de aclarar: Los actos del habla no pueden ser involuntarios, ya que siempre tienen una motivaci\u00f3n.<br \/>\nFinalmente nos encargaron para la clase que viene hacer el siguiente TP:<br \/>\nTrabajo Practico N\u00ba11:<br \/>\n1) Recuper\u00e1 las intenciones ling\u00fcisticas que expresaste hoy. Registralas (Por lo menos<br \/>\ncuatro)<br \/>\n2) Identific\u00e1 el acto de habla que predomina en cada uno (Macroactos)<br \/>\n3) Elabor\u00e1 para cada ejemplo una idea contraria (Enunciado y acto de habla)<br \/>\nAparte del trabajo pr\u00e1ctico, hay que leer los textos bases y fuentes:<br \/>\n11- <a href=\"http:\/\/www.bdp.org.ar\/facultad\/catedras\/ comsoc\/redaccion1\/unidades\/2007\/05\/estrategias_de_produccion_sema.php\">Estrategias de producci\u00f3n sem\u00e1ntica <\/a><br \/>\n12- <a href=\"http:\/\/www.bdp.org.ar\/facultad\/ catedras\/comsoc\/redaccion1\/unidades\/2007\/05\/estrategias_para_establecer_la.php\">Estrategias para establecer la coherencia local<\/a><br \/>\nA su vez, la profesora Ana Liberatore nos sugiri\u00f3 ir leyendo \u201c<a href=\"http:\/\/www.bdp.org.ar\/facultad\/catedras\/comsoc\/redaccion1\/unidades\/2008\/ 03\/sin_intencion_de_ofender_a_nad.php\">Sin intenci\u00f3n de ofender<br \/>\na nadie<\/a>\u201d y<a href=\"http:\/\/www.bdp.org.ar\/facultad\/catedras\/comsoc\/redaccion1\/unidades\/2008\/03\/ actos_de_habla_en_escenas_de_l.php\"> \u201cActos de escenas de la vida cotidiana&#8221;<\/a><\/p>\n","protected":false},"excerpt":{"rendered":"<p>Por Esteban Palma Existe una delgada l\u00ednea que separa la valent\u00eda de la estupidez. En la guerra quienes no logran diferenciar una de otra acaban muertos; pero en la clase de redacci\u00f3n desconocer este l\u00edmite te lleva a escribir el resumen de la clase voluntariamente, incluso antes de que la dedocracia lo decida por vos. [&hellip;]<\/p>\n","protected":false},"author":16,"featured_media":0,"comment_status":"open","ping_status":"closed","sticky":false,"template":"","format":"standard","meta":{"footnotes":""},"categories":[7],"tags":[],"_links":{"self":[{"href":"https:\/\/redaccion1.fcpolit.unr.edu.ar\/comision-liberatore\/wp-json\/wp\/v2\/posts\/256"}],"collection":[{"href":"https:\/\/redaccion1.fcpolit.unr.edu.ar\/comision-liberatore\/wp-json\/wp\/v2\/posts"}],"about":[{"href":"https:\/\/redaccion1.fcpolit.unr.edu.ar\/comision-liberatore\/wp-json\/wp\/v2\/types\/post"}],"author":[{"embeddable":true,"href":"https:\/\/redaccion1.fcpolit.unr.edu.ar\/comision-liberatore\/wp-json\/wp\/v2\/users\/16"}],"replies":[{"embeddable":true,"href":"https:\/\/redaccion1.fcpolit.unr.edu.ar\/comision-liberatore\/wp-json\/wp\/v2\/comments?post=256"}],"version-history":[{"count":0,"href":"https:\/\/redaccion1.fcpolit.unr.edu.ar\/comision-liberatore\/wp-json\/wp\/v2\/posts\/256\/revisions"}],"wp:attachment":[{"href":"https:\/\/redaccion1.fcpolit.unr.edu.ar\/comision-liberatore\/wp-json\/wp\/v2\/media?parent=256"}],"wp:term":[{"taxonomy":"category","embeddable":true,"href":"https:\/\/redaccion1.fcpolit.unr.edu.ar\/comision-liberatore\/wp-json\/wp\/v2\/categories?post=256"},{"taxonomy":"post_tag","embeddable":true,"href":"https:\/\/redaccion1.fcpolit.unr.edu.ar\/comision-liberatore\/wp-json\/wp\/v2\/tags?post=256"}],"curies":[{"name":"wp","href":"https:\/\/api.w.org\/{rel}","templated":true}]}}