{"id":2543,"date":"2023-10-04T12:08:58","date_gmt":"2023-10-04T12:08:58","guid":{"rendered":"https:\/\/blogs.fcpolit.unr.edu.ar\/redaccion1-liberatore\/?p=2543"},"modified":"2023-10-04T12:08:58","modified_gmt":"2023-10-04T12:08:58","slug":"miercoles-4-de-octubre","status":"publish","type":"post","link":"https:\/\/redaccion1.fcpolit.unr.edu.ar\/comision-liberatore\/2023\/10\/04\/miercoles-4-de-octubre\/","title":{"rendered":"Mi\u00e9rcoles 4 de octubre"},"content":{"rendered":"<p>Estimados\/as<\/p>\n<p>En el marco de esta semana sin clases presenciales, avanzaremos sobre textos period\u00edsticos con algunos matices literarios, como son la cr\u00f3nicas. Existen otros g\u00e9neros m\u00e1s audaces en su composici\u00f3n como los llamados literatura de no ficci\u00f3n &#8211; non fiction o periodismo y literatura, ejemplos que hemos conversado en clase como es el caso de &#8220;A sangre fr\u00eda&#8221; de Truman Capote y &#8220;Operaci\u00f3n masacre&#8221; de Rodolfo Walsh. No son los \u00fanicos rferentes, son los reconocidos como lso iniciadores de esta experiencia narrativa.<\/p>\n<p>Para &#8220;empaparse&#8221; de lecturas cronicadas, sugiero leer Revista Anfibia.<\/p>\n<p>Y como todas las semanas, van las propuestas de lecturas obligatorias:<\/p>\n<p>Guerriero, Leila (2015) \u201c<a href=\"https:\/\/drive.google.com\/file\/d\/1e-GlzgqqowSkLKbejBMZrGeg9Bh7y4YS\/view\" target=\"_blank\" rel=\"noopener\">\u00bfQu\u00e9 es y qu\u00e9 no es el periodismo literario?: m\u00e1s all\u00e1 del adjetivo perfecto<\/a>\u201d En\u00a0<em>Zona de Obras<\/em>. Anagrama. Pp. 30-54.<\/p>\n<p>Reviglio, Cecilia (2021) \u201c<a href=\"https:\/\/drive.google.com\/file\/d\/10F_If27joasjny4tl6q9rpVyyoLxTt54\/view?usp=sharing\" target=\"_blank\" rel=\"noopener\">Entre el periodismo y la literatura; entre la informaci\u00f3n y la narraci\u00f3n: ensamblajes precisos en una cr\u00f3nica period\u00edstica<\/a>\u201d En\u00a0<em>Revista Ornitorrinco<\/em>, 21 de septiembre.<\/p>\n<p>Salcedo Ramos, Alberto (2011).\u00a0<a href=\"https:\/\/drive.google.com\/file\/d\/1Z4OPiLhIt9m9iXAtXRxlVhL6oBNJrdwQ\/view?usp=sharing\" target=\"_blank\" rel=\"noopener\">\u00abLa cr\u00f3nica, el rostro humano de la noticia\u00bb<\/a>. Taller de Cr\u00f3nica: Las historias del Bicentenario de Cartagena de Indias. Fundaci\u00f3n Nuevo Periodismo Iberoamericano. Cartagena de Indias.<\/p>\n<p>Wolfe, Tom (1976) \u201c<a href=\"https:\/\/blogs.fcpolit.unr.edu.ar\/redaccion1-rosales\/2010\/10\/23\/cuatro-procedimientos-de-escritura-del-nuevo-periodismo\/\" target=\"_blank\" rel=\"noopener\">Cuatro procedimientos de la literatura en el periodismo de no ficci\u00f3n<\/a>\u201d En\u00a0<em>El Nuevo Periodismo<\/em>. Barcelona: Anagrama.<\/p>\n<p>Como frutilla de postre, los invitamos a participar de un conversatorio con el periodista Hern\u00e1n Lascano. No agregar\u00e9 informaci\u00f3n, ya conocen la importancia de revisar y atender los antecedentes de los entrevistados, a rodarrrrrrrrr<\/p>\n<p><a href=\"https:\/\/blogs.fcpolit.unr.edu.ar\/redaccion1\/\">Conversaci\u00f3n con Hern\u00e1n Lascano<\/a><\/p>\n","protected":false},"excerpt":{"rendered":"<p>Estimados\/as En el marco de esta semana sin clases presenciales, avanzaremos sobre textos period\u00edsticos con algunos matices literarios, como son la cr\u00f3nicas. Existen otros g\u00e9neros m\u00e1s audaces en su composici\u00f3n como los llamados literatura de no ficci\u00f3n &#8211; non fiction o periodismo y literatura, ejemplos que hemos conversado en clase como es el caso de [&hellip;]<\/p>\n","protected":false},"author":16,"featured_media":0,"comment_status":"open","ping_status":"open","sticky":false,"template":"","format":"standard","meta":{"footnotes":""},"categories":[6,33],"tags":[],"_links":{"self":[{"href":"https:\/\/redaccion1.fcpolit.unr.edu.ar\/comision-liberatore\/wp-json\/wp\/v2\/posts\/2543"}],"collection":[{"href":"https:\/\/redaccion1.fcpolit.unr.edu.ar\/comision-liberatore\/wp-json\/wp\/v2\/posts"}],"about":[{"href":"https:\/\/redaccion1.fcpolit.unr.edu.ar\/comision-liberatore\/wp-json\/wp\/v2\/types\/post"}],"author":[{"embeddable":true,"href":"https:\/\/redaccion1.fcpolit.unr.edu.ar\/comision-liberatore\/wp-json\/wp\/v2\/users\/16"}],"replies":[{"embeddable":true,"href":"https:\/\/redaccion1.fcpolit.unr.edu.ar\/comision-liberatore\/wp-json\/wp\/v2\/comments?post=2543"}],"version-history":[{"count":0,"href":"https:\/\/redaccion1.fcpolit.unr.edu.ar\/comision-liberatore\/wp-json\/wp\/v2\/posts\/2543\/revisions"}],"wp:attachment":[{"href":"https:\/\/redaccion1.fcpolit.unr.edu.ar\/comision-liberatore\/wp-json\/wp\/v2\/media?parent=2543"}],"wp:term":[{"taxonomy":"category","embeddable":true,"href":"https:\/\/redaccion1.fcpolit.unr.edu.ar\/comision-liberatore\/wp-json\/wp\/v2\/categories?post=2543"},{"taxonomy":"post_tag","embeddable":true,"href":"https:\/\/redaccion1.fcpolit.unr.edu.ar\/comision-liberatore\/wp-json\/wp\/v2\/tags?post=2543"}],"curies":[{"name":"wp","href":"https:\/\/api.w.org\/{rel}","templated":true}]}}