{"id":254,"date":"2011-05-12T09:30:43","date_gmt":"2011-05-12T09:30:43","guid":{"rendered":"http:\/\/fcpolit.unr.edu.ar\/blogs\/redaccion1-liberatore\/2011\/05\/12\/acciones-linguisticas\/"},"modified":"2011-05-12T09:30:43","modified_gmt":"2011-05-12T09:30:43","slug":"acciones-linguisticas","status":"publish","type":"post","link":"https:\/\/redaccion1.fcpolit.unr.edu.ar\/comision-liberatore\/2011\/05\/12\/acciones-linguisticas\/","title":{"rendered":"Acciones lingu\u00edsticas"},"content":{"rendered":"<p>Por Ana Laura Liberatore<\/p>\n<p>Con el fin de reconocer caracter\u00edsticas de la estrategia para redactar en nuestra pr\u00e1ctica y vida cotidiana, proponemos un TP que permitir\u00e1 acercarnos a los actos de habla desde la experiencia personal.<\/p>\n<p><!--more--><br \/>\n<strong>Consignas<\/strong><br \/>\n&#8211; Recuperar las intenciones ling\u00fc\u00edsticas que expresaste el d\u00eda de hoy. Registralas en di\u00e1logos o enunciados.(no menos de 6).<br \/>\n&#8211; Identific\u00e1 el acto de habla que predomina (macroacto)<br \/>\n&#8211;\u00a0Elabor\u00e1 un enunciado diferente para cada ejemplo y manten\u00e9 la misma intenci\u00f3n.<\/p>\n","protected":false},"excerpt":{"rendered":"<p>Por Ana Laura Liberatore Con el fin de reconocer caracter\u00edsticas de la estrategia para redactar en nuestra pr\u00e1ctica y vida cotidiana, proponemos un TP que permitir\u00e1 acercarnos a los actos de habla desde la experiencia personal.<\/p>\n","protected":false},"author":19,"featured_media":0,"comment_status":"open","ping_status":"closed","sticky":false,"template":"","format":"standard","meta":{"footnotes":""},"categories":[10],"tags":[],"_links":{"self":[{"href":"https:\/\/redaccion1.fcpolit.unr.edu.ar\/comision-liberatore\/wp-json\/wp\/v2\/posts\/254"}],"collection":[{"href":"https:\/\/redaccion1.fcpolit.unr.edu.ar\/comision-liberatore\/wp-json\/wp\/v2\/posts"}],"about":[{"href":"https:\/\/redaccion1.fcpolit.unr.edu.ar\/comision-liberatore\/wp-json\/wp\/v2\/types\/post"}],"author":[{"embeddable":true,"href":"https:\/\/redaccion1.fcpolit.unr.edu.ar\/comision-liberatore\/wp-json\/wp\/v2\/users\/19"}],"replies":[{"embeddable":true,"href":"https:\/\/redaccion1.fcpolit.unr.edu.ar\/comision-liberatore\/wp-json\/wp\/v2\/comments?post=254"}],"version-history":[{"count":0,"href":"https:\/\/redaccion1.fcpolit.unr.edu.ar\/comision-liberatore\/wp-json\/wp\/v2\/posts\/254\/revisions"}],"wp:attachment":[{"href":"https:\/\/redaccion1.fcpolit.unr.edu.ar\/comision-liberatore\/wp-json\/wp\/v2\/media?parent=254"}],"wp:term":[{"taxonomy":"category","embeddable":true,"href":"https:\/\/redaccion1.fcpolit.unr.edu.ar\/comision-liberatore\/wp-json\/wp\/v2\/categories?post=254"},{"taxonomy":"post_tag","embeddable":true,"href":"https:\/\/redaccion1.fcpolit.unr.edu.ar\/comision-liberatore\/wp-json\/wp\/v2\/tags?post=254"}],"curies":[{"name":"wp","href":"https:\/\/api.w.org\/{rel}","templated":true}]}}