{"id":2521,"date":"2023-08-18T01:14:01","date_gmt":"2023-08-18T01:14:01","guid":{"rendered":"https:\/\/blogs.fcpolit.unr.edu.ar\/redaccion1-liberatore\/?p=2521"},"modified":"2023-08-18T01:14:01","modified_gmt":"2023-08-18T01:14:01","slug":"resumen-del-16-de-agosto","status":"publish","type":"post","link":"https:\/\/redaccion1.fcpolit.unr.edu.ar\/comision-liberatore\/2023\/08\/18\/resumen-del-16-de-agosto\/","title":{"rendered":"Resumen del 16 de agosto"},"content":{"rendered":"<p><span style=\"font-weight: 400\">Por Sol Caseres.<\/span><\/p>\n<p>&nbsp;<\/p>\n<p><span style=\"font-weight: 400\">Nos reencontramos luego del receso invernal, la profesora nos recibi\u00f3 c\u00e1lidamente y compartimos un poco acerca de qu\u00e9 hicimos durante estas vacaciones.<\/span><!--more--><\/p>\n<p><span style=\"font-weight: 400\">\u00a0Despu\u00e9s, Ana nos hizo una peque\u00f1a devoluci\u00f3n de los parciales y nos coment\u00f3 que las notas ser\u00e1n enviadas en esta misma semana. A ra\u00edz de esto, explic\u00f3 que aquellos que deban recuperar contenidos lo har\u00e1n el 30 de agosto, fecha pautada para el recuperatorio, y d\u00edas antes de la publicaci\u00f3n del mismo se les informar\u00e1 c\u00f3mo ser\u00e1 su modalidad, sin embargo, los contenidos que entran en el examen siguen siendo los mismos. Por otro lado, este examen no interfiere con las clases presenciales, que seguiremos teniendo.\u00a0<\/span><\/p>\n<p><span style=\"font-weight: 400\">Terminado ese anuncio, avanzamos con la Unidad 4,su primer bloque, textos expositivos y explicativos. Comenzamos hablando acerca de\u00a0 las 2 noticias que anteriormente hab\u00edan sido publicadas en el blog para trabajar en el taller de lecturas: \u00a0 \u201cReportero estrella de Der Spigel, reconocido por CNN y Forbes, admite que escribi\u00f3 historias falsas \u201ca gran escala\u201d y\u00a0\u00a0\u00a0<\/span><span style=\"font-weight: 400\">\u201cEra el periodista estrella de Der Spiegel hasta que fue desenmascarado\u201d. Seguimos trabajando con los textos: \u201c Saber escribir\u201d, \u201cEl uso de hip\u00f3tesis y Periodismo de investigaci\u00f3n.<\/span><\/p>\n<p><span style=\"font-weight: 400\">La pr\u00f3xima clase abordaremos <\/span><a href=\"https:\/\/drive.google.com\/file\/d\/1JUH0RSHtzSnNWpSV7sAVzPJOlxN5-OY8\/view?usp=sharing\"><span style=\"font-weight: 400\">Rojas Delgado_Como hacer periodismo&#8230;.pdf<\/span><\/a><span style=\"font-weight: 400\"> y volveremos a trabajar el texto de\u00a0 <\/span><a href=\"https:\/\/drive.google.com\/file\/d\/1n_PIE52Odz3FUnmlGzcIyIMQoZo-Y6qI\/view\"><span style=\"font-weight: 400\">Periodismo de investigacio\u0301n (Capi\u0301tulo 2- hipo\u0301tesis).pdf<\/span><\/a><\/p>\n","protected":false},"excerpt":{"rendered":"<p>Por Sol Caseres. &nbsp; Nos reencontramos luego del receso invernal, la profesora nos recibi\u00f3 c\u00e1lidamente y compartimos un poco acerca de qu\u00e9 hicimos durante estas vacaciones.<\/p>\n","protected":false},"author":16,"featured_media":0,"comment_status":"open","ping_status":"open","sticky":false,"template":"","format":"standard","meta":{"footnotes":""},"categories":[6,27],"tags":[],"_links":{"self":[{"href":"https:\/\/redaccion1.fcpolit.unr.edu.ar\/comision-liberatore\/wp-json\/wp\/v2\/posts\/2521"}],"collection":[{"href":"https:\/\/redaccion1.fcpolit.unr.edu.ar\/comision-liberatore\/wp-json\/wp\/v2\/posts"}],"about":[{"href":"https:\/\/redaccion1.fcpolit.unr.edu.ar\/comision-liberatore\/wp-json\/wp\/v2\/types\/post"}],"author":[{"embeddable":true,"href":"https:\/\/redaccion1.fcpolit.unr.edu.ar\/comision-liberatore\/wp-json\/wp\/v2\/users\/16"}],"replies":[{"embeddable":true,"href":"https:\/\/redaccion1.fcpolit.unr.edu.ar\/comision-liberatore\/wp-json\/wp\/v2\/comments?post=2521"}],"version-history":[{"count":0,"href":"https:\/\/redaccion1.fcpolit.unr.edu.ar\/comision-liberatore\/wp-json\/wp\/v2\/posts\/2521\/revisions"}],"wp:attachment":[{"href":"https:\/\/redaccion1.fcpolit.unr.edu.ar\/comision-liberatore\/wp-json\/wp\/v2\/media?parent=2521"}],"wp:term":[{"taxonomy":"category","embeddable":true,"href":"https:\/\/redaccion1.fcpolit.unr.edu.ar\/comision-liberatore\/wp-json\/wp\/v2\/categories?post=2521"},{"taxonomy":"post_tag","embeddable":true,"href":"https:\/\/redaccion1.fcpolit.unr.edu.ar\/comision-liberatore\/wp-json\/wp\/v2\/tags?post=2521"}],"curies":[{"name":"wp","href":"https:\/\/api.w.org\/{rel}","templated":true}]}}