{"id":251,"date":"2011-05-07T18:09:32","date_gmt":"2011-05-07T18:09:32","guid":{"rendered":"http:\/\/fcpolit.unr.edu.ar\/blogs\/redaccion1-liberatore\/2011\/05\/07\/resumen-de-clase-4-de-mayo-comision-7-1930\/"},"modified":"2011-05-07T18:09:32","modified_gmt":"2011-05-07T18:09:32","slug":"resumen-de-clase-4-de-mayo-comision-7-1930","status":"publish","type":"post","link":"https:\/\/redaccion1.fcpolit.unr.edu.ar\/comision-liberatore\/2011\/05\/07\/resumen-de-clase-4-de-mayo-comision-7-1930\/","title":{"rendered":"Resumen de clase, 4 de mayo. Comisi\u00f3n 7 (19:30)"},"content":{"rendered":"<p><em>Por Federico Bordato<\/em><br \/>\nLa clase se dividi\u00f3 en dos partes: primero en el aula 101 estuvimos debatiendo sobre las dos actividades que tuvimos que hacer mientras Ana se recuperaba (Audiencia y A qu\u00e9 audiencia pertenecemos). Los chicos se sacaron sus dudas al respecto.<\/p>\n<p><!--more--><br \/>\nHablamos de los textos bases que hab\u00eda que leer (6, 7, 8) y explicaron los t\u00e9rminos  &#8220;multiaudiencia&#8221;, &#8220;dualidad&#8221; y &#8220;por qu\u00e9 el receptor es un emisor en potencia&#8221;.<br \/>\nLa segunda parte fue en la sala de  inform\u00e1tica y trat\u00f3 sobre la noticia. Analizamos la m\u00e1s destacada de la semana &#8220;La muerte de Bin Laden&#8221; y c\u00f3mo los distintos medios reaccionaron ante esta.<br \/>\nAnalizamos el trabajo  &#8220;\u00bfQu\u00e9 diario le\u00e9s?&#8221; y surgieron dudas  de las formas de escribir: pir\u00e1mide invertida y cr\u00f3nica.  Ana explic\u00f3 que la primera es la m\u00e1s usada por los diarios de este pa\u00eds a la hora de redactar noticias (va desde lo m\u00e1s importante y reciente a los datos menores) pero que tambi\u00e9n ahora, en las noticias principales, se usa la forma de &#8220;Cr\u00f3nica&#8221;, que narra el hecho como fue sucediendo de manera cronol\u00f3gica. Luego habl\u00f3 del sensacionalismo, una manera de escritura que golpea al lector y usa vocabulario callejero.<br \/>\nPara la pr\u00f3xima clase (mi\u00e9rcoles que viene) debemos leer, al menos,  dos noticias por d\u00eda  y los textos bases y fuentes 8, 9 y 10, de la <strong>UNIDAD 1<\/strong>. Tambi\u00e9n realizar la actividad de la unidad n\u00ba 8 \u2018<a href=\"http:\/\/www.bdp.org.ar\/facultad\/catedras\/comsoc\/redaccion1\/unidades\/2008\/03\/planificando_y_produciendo_uni.php\">\u2019Planificando y produciendo\u2019<\/a>\u2019<\/p>\n","protected":false},"excerpt":{"rendered":"<p>Por Federico Bordato La clase se dividi\u00f3 en dos partes: primero en el aula 101 estuvimos debatiendo sobre las dos actividades que tuvimos que hacer mientras Ana se recuperaba (Audiencia y A qu\u00e9 audiencia pertenecemos). Los chicos se sacaron sus dudas al respecto.<\/p>\n","protected":false},"author":24,"featured_media":0,"comment_status":"open","ping_status":"closed","sticky":false,"template":"","format":"standard","meta":{"footnotes":""},"categories":[7],"tags":[],"_links":{"self":[{"href":"https:\/\/redaccion1.fcpolit.unr.edu.ar\/comision-liberatore\/wp-json\/wp\/v2\/posts\/251"}],"collection":[{"href":"https:\/\/redaccion1.fcpolit.unr.edu.ar\/comision-liberatore\/wp-json\/wp\/v2\/posts"}],"about":[{"href":"https:\/\/redaccion1.fcpolit.unr.edu.ar\/comision-liberatore\/wp-json\/wp\/v2\/types\/post"}],"author":[{"embeddable":true,"href":"https:\/\/redaccion1.fcpolit.unr.edu.ar\/comision-liberatore\/wp-json\/wp\/v2\/users\/24"}],"replies":[{"embeddable":true,"href":"https:\/\/redaccion1.fcpolit.unr.edu.ar\/comision-liberatore\/wp-json\/wp\/v2\/comments?post=251"}],"version-history":[{"count":0,"href":"https:\/\/redaccion1.fcpolit.unr.edu.ar\/comision-liberatore\/wp-json\/wp\/v2\/posts\/251\/revisions"}],"wp:attachment":[{"href":"https:\/\/redaccion1.fcpolit.unr.edu.ar\/comision-liberatore\/wp-json\/wp\/v2\/media?parent=251"}],"wp:term":[{"taxonomy":"category","embeddable":true,"href":"https:\/\/redaccion1.fcpolit.unr.edu.ar\/comision-liberatore\/wp-json\/wp\/v2\/categories?post=251"},{"taxonomy":"post_tag","embeddable":true,"href":"https:\/\/redaccion1.fcpolit.unr.edu.ar\/comision-liberatore\/wp-json\/wp\/v2\/tags?post=251"}],"curies":[{"name":"wp","href":"https:\/\/api.w.org\/{rel}","templated":true}]}}