{"id":2495,"date":"2023-06-27T01:04:14","date_gmt":"2023-06-27T01:04:14","guid":{"rendered":"https:\/\/blogs.fcpolit.unr.edu.ar\/redaccion1-liberatore\/?p=2495"},"modified":"2023-06-27T01:04:14","modified_gmt":"2023-06-27T01:04:14","slug":"resumen-21-de-junio","status":"publish","type":"post","link":"https:\/\/redaccion1.fcpolit.unr.edu.ar\/comision-liberatore\/2023\/06\/27\/resumen-21-de-junio\/","title":{"rendered":"Resumen 21 de junio"},"content":{"rendered":"<p><span style=\"font-weight: 400\">Por Iv\u00e1n Rios\u00a0<\/span><\/p>\n<p><span style=\"font-weight: 400\">En la clase del d\u00eda mi\u00e9rcoles 21 de junio la profesora comenz\u00f3 desarrollando brevemente la estructura de una noticia, \u00e9sta se ordena con un formato de pir\u00e1mide invertida, donde lo \u00faltimo\/m\u00e1s importante que pas\u00f3 se cuenta al principio, y las caracter\u00edsticas del t\u00edtulo en una noticia principal, que va a contar con una volanta, t\u00edtulo y bajada, esto se denomina cuerpo de titulares.<\/span><\/p>\n<p><span style=\"font-weight: 400\">Luego pasamos a la actividad propuesta la clase anterior, donde identificamos si la noticia que cada uno llev\u00f3 estaba organizada de la manera tradicional\u00a0 o no, la mayor\u00eda cumpl\u00eda con el formato de reordenamiento de informaci\u00f3n\u00a0 (pir\u00e1mide invertida) a\u00fan siendo noticias de diarios digitales.<\/span><\/p>\n<p><span style=\"font-weight: 400\">\u00a0Una vez terminada la actividad pasamos a comentar las lecturas obligatorias,\u00a0 que eran <\/span><a href=\"https:\/\/drive.google.com\/file\/d\/14TWY8w6mTNtzIUSB4JKwBhg0D2Nyyrxh\/view?usp=sharing\"><span style=\"font-weight: 400\">\u201cCuando leer es hacer: la enunciaci\u00f3n en el discurso de la prensa gr\u00e1fica<\/span><\/a><span style=\"font-weight: 400\">\u201d de Eliseo Ver\u00f3n y <\/span><a href=\"https:\/\/drive.google.com\/file\/d\/18V8H7S8etNIockUMnRH_-TLi5VtgzZ0C\/view?usp=sharing\"><span style=\"font-weight: 400\">\u201cDe lectores y pr\u00e1cticas lectoras: la multiplicidad de pactos de lectura en los albores del tercer milenio\u201d<\/span><\/a><span style=\"font-weight: 400\"> de Estela Zalba. Se form\u00f3 un intercambio interesante, pero para resumirlo a muy pocas palabras dir\u00eda que hay que tener en cuenta que la enunciaci\u00f3n es el c\u00f3mo se transmite la noticia, desde las palabras, formato, hasta el medio que se elige y estas configuraciones van a hacer que nuestras noticias tengan mayor o menor alcance y sean mejores comprendidas.\u00a0<\/span><\/p>\n<p><span style=\"font-weight: 400\">Al finalizar dejo las lecturas obligatorias para la pr\u00f3xima clase: <\/span><span style=\"font-weight: 400\">\u00a0<\/span><a href=\"https:\/\/drive.google.com\/file\/d\/1wGZaRlZxDouz2x61r8AqAggSeV3zQ4cz\/view?usp=sharing\"><span style=\"font-weight: 400\">\u201cLa producci\u00f3n de la socialidad en el marco de la cultura de la colectividad\u201d<\/span><\/a><span style=\"font-weight: 400\">, <\/span><a href=\"https:\/\/drive.google.com\/file\/d\/15YIxNHP87nS6tszE59TyIFwsPMcntZ9u\/view?usp=sharing\"><span style=\"font-weight: 400\">\u201cEl filtro burbuja: c\u00f3mo la\u00a0 web decide lo que leemos y lo que pensamos\u201d<\/span><\/a><span style=\"font-weight: 400\"> y <\/span><a href=\"https:\/\/drive.google.com\/file\/d\/1SEJeCabDtrUJq-0L1L24nb-9GXwRNsK2\/view?usp=sharing\"><span style=\"font-weight: 400\">\u201cAfilar el lapicero\u201d<\/span><\/a><span style=\"font-weight: 400\"> , dando cierre a la Unidad 2 con las mismas.\u00a0<\/span><\/p>\n<p><span style=\"font-weight: 400\">Tambi\u00e9n dio un aviso <\/span><b>IMPORTANTE<\/b><span style=\"font-weight: 400\">: el 30\/6 es la fecha de ENTREGA del TRABAJO PR\u00c1CTICO INTEGRADOR N\u00b0 2. <\/span><b>Una vez cumplido el plazo, quedar\u00e1 sin efectos la entrega posterior del mismo.\u00a0<\/b><\/p>\n<p>&nbsp;<\/p>\n","protected":false},"excerpt":{"rendered":"<p>Por Iv\u00e1n Rios\u00a0 En la clase del d\u00eda mi\u00e9rcoles 21 de junio la profesora comenz\u00f3 desarrollando brevemente la estructura de una noticia, \u00e9sta se ordena con un formato de pir\u00e1mide invertida, donde lo \u00faltimo\/m\u00e1s importante que pas\u00f3 se cuenta al principio, y las caracter\u00edsticas del t\u00edtulo en una noticia principal, que va a contar con [&hellip;]<\/p>\n","protected":false},"author":16,"featured_media":0,"comment_status":"open","ping_status":"open","sticky":false,"template":"","format":"standard","meta":{"footnotes":""},"categories":[6,27],"tags":[],"_links":{"self":[{"href":"https:\/\/redaccion1.fcpolit.unr.edu.ar\/comision-liberatore\/wp-json\/wp\/v2\/posts\/2495"}],"collection":[{"href":"https:\/\/redaccion1.fcpolit.unr.edu.ar\/comision-liberatore\/wp-json\/wp\/v2\/posts"}],"about":[{"href":"https:\/\/redaccion1.fcpolit.unr.edu.ar\/comision-liberatore\/wp-json\/wp\/v2\/types\/post"}],"author":[{"embeddable":true,"href":"https:\/\/redaccion1.fcpolit.unr.edu.ar\/comision-liberatore\/wp-json\/wp\/v2\/users\/16"}],"replies":[{"embeddable":true,"href":"https:\/\/redaccion1.fcpolit.unr.edu.ar\/comision-liberatore\/wp-json\/wp\/v2\/comments?post=2495"}],"version-history":[{"count":0,"href":"https:\/\/redaccion1.fcpolit.unr.edu.ar\/comision-liberatore\/wp-json\/wp\/v2\/posts\/2495\/revisions"}],"wp:attachment":[{"href":"https:\/\/redaccion1.fcpolit.unr.edu.ar\/comision-liberatore\/wp-json\/wp\/v2\/media?parent=2495"}],"wp:term":[{"taxonomy":"category","embeddable":true,"href":"https:\/\/redaccion1.fcpolit.unr.edu.ar\/comision-liberatore\/wp-json\/wp\/v2\/categories?post=2495"},{"taxonomy":"post_tag","embeddable":true,"href":"https:\/\/redaccion1.fcpolit.unr.edu.ar\/comision-liberatore\/wp-json\/wp\/v2\/tags?post=2495"}],"curies":[{"name":"wp","href":"https:\/\/api.w.org\/{rel}","templated":true}]}}