{"id":2476,"date":"2023-05-24T19:58:10","date_gmt":"2023-05-24T19:58:10","guid":{"rendered":"https:\/\/blogs.fcpolit.unr.edu.ar\/redaccion1-liberatore\/?p=2476"},"modified":"2023-05-24T19:58:10","modified_gmt":"2023-05-24T19:58:10","slug":"miercoles-ambas-comisiones","status":"publish","type":"post","link":"https:\/\/redaccion1.fcpolit.unr.edu.ar\/comision-liberatore\/2023\/05\/24\/miercoles-ambas-comisiones\/","title":{"rendered":"Mi\u00e9rcoles. Ambas comisiones."},"content":{"rendered":"<p>Durante toda la Unidad 1, exploramos, aprendimos y pusimos en pr\u00e1ctica caracter\u00edsticas y recursos del mundo del escritor, y como de este rol no nos vamos a despegar, nuestra responsabilidad es crecer en la pr\u00e1ctica, ir modelando el propio estilo y nunca creer que est\u00e1 todo sabido.<\/p>\n<p>Entonces, vamos sumando senderos. La Unidad N\u00b02 est\u00e1 dedicada al mundo del lector, por lo tanto, estaremos conectados con a qui\u00e9n dedica el autor su obra. Esa imagen mental que el escritor elabora para dedicar su trabajo.. Para comenzar, el mi\u00e9rcoles los esperar\u00e9 con los siguientes dos textos:<\/p>\n<p>&#8220;Tras las l\u00edneas. Sobre la lectura contempor\u00e1nea&#8221; Daniel Cassany<\/p>\n<p>Y avanzaremos con &#8220;El proceso de lectura, una actividad con facetas diversas&#8221;\u00a0 aportes de Claudia Mazza.<\/p>\n<p>&nbsp;<\/p>\n<p><strong>A tener en cuenta:<\/strong><\/p>\n<p>Comenzaremos la clase con un repaso sobre los \u00faltimos textos de la unidad 1<\/p>\n<p>Escucharemos lecturas de noticias en el Taller<\/p>\n<p>y luego comenzaremos con la U 2.<\/p>\n<p>\u00a1Hasta el mi\u00e9rcoles!<\/p>\n<p>&nbsp;<\/p>\n","protected":false},"excerpt":{"rendered":"<p>Durante toda la Unidad 1, exploramos, aprendimos y pusimos en pr\u00e1ctica caracter\u00edsticas y recursos del mundo del escritor, y como de este rol no nos vamos a despegar, nuestra responsabilidad es crecer en la pr\u00e1ctica, ir modelando el propio estilo y nunca creer que est\u00e1 todo sabido. Entonces, vamos sumando senderos. La Unidad N\u00b02 est\u00e1 [&hellip;]<\/p>\n","protected":false},"author":16,"featured_media":0,"comment_status":"open","ping_status":"open","sticky":false,"template":"","format":"standard","meta":{"footnotes":""},"categories":[6,27],"tags":[],"_links":{"self":[{"href":"https:\/\/redaccion1.fcpolit.unr.edu.ar\/comision-liberatore\/wp-json\/wp\/v2\/posts\/2476"}],"collection":[{"href":"https:\/\/redaccion1.fcpolit.unr.edu.ar\/comision-liberatore\/wp-json\/wp\/v2\/posts"}],"about":[{"href":"https:\/\/redaccion1.fcpolit.unr.edu.ar\/comision-liberatore\/wp-json\/wp\/v2\/types\/post"}],"author":[{"embeddable":true,"href":"https:\/\/redaccion1.fcpolit.unr.edu.ar\/comision-liberatore\/wp-json\/wp\/v2\/users\/16"}],"replies":[{"embeddable":true,"href":"https:\/\/redaccion1.fcpolit.unr.edu.ar\/comision-liberatore\/wp-json\/wp\/v2\/comments?post=2476"}],"version-history":[{"count":0,"href":"https:\/\/redaccion1.fcpolit.unr.edu.ar\/comision-liberatore\/wp-json\/wp\/v2\/posts\/2476\/revisions"}],"wp:attachment":[{"href":"https:\/\/redaccion1.fcpolit.unr.edu.ar\/comision-liberatore\/wp-json\/wp\/v2\/media?parent=2476"}],"wp:term":[{"taxonomy":"category","embeddable":true,"href":"https:\/\/redaccion1.fcpolit.unr.edu.ar\/comision-liberatore\/wp-json\/wp\/v2\/categories?post=2476"},{"taxonomy":"post_tag","embeddable":true,"href":"https:\/\/redaccion1.fcpolit.unr.edu.ar\/comision-liberatore\/wp-json\/wp\/v2\/tags?post=2476"}],"curies":[{"name":"wp","href":"https:\/\/api.w.org\/{rel}","templated":true}]}}