{"id":2464,"date":"2023-05-10T12:33:04","date_gmt":"2023-05-10T12:33:04","guid":{"rendered":"https:\/\/blogs.fcpolit.unr.edu.ar\/redaccion1-liberatore\/?p=2464"},"modified":"2023-05-10T12:33:04","modified_gmt":"2023-05-10T12:33:04","slug":"resumen-8","status":"publish","type":"post","link":"https:\/\/redaccion1.fcpolit.unr.edu.ar\/comision-liberatore\/2023\/05\/10\/resumen-8\/","title":{"rendered":"Resumen"},"content":{"rendered":"<p>Por Joaqu\u00edn Medina<\/p>\n<p>Buenas noches, comparto el resumen de la clase del mi\u00e9rcoles tres de abril.<br \/>\nComenzamos repasando las lecturas encomendadas en la clase anterior.<br \/>\nEn primera instancia hablamos de Daniel Cassany, y el texto \u201cEscribir sin<br \/>\nprejuicios ni supersticiones\u201d, analizando as\u00ed las miradas al mundo del escritor, un<br \/>\nmundo diverso. En este marco, nos apropiamos de recursos, de miradas, y claro, de<br \/>\npr\u00e1cticas.<!--more--><br \/>\nAs\u00ed, cambiando nuestra \u00f3ptica y derribando muros sobre la escritura, comentamos<br \/>\nlo que expone Cassany respecto a que los alumnos adultos priorizan la gram\u00e1tica. Y<br \/>\ngeneramos la siguiente reflexi\u00f3n: lo m\u00e1s importante (al menos al comienzo), es la<br \/>\nidea que queremos desarrollar, aquello que se quiere escribir, y los elementos con<br \/>\nlos que lo respaldamos. Este respaldo puede conformarse de sue\u00f1os, ideas y<br \/>\ntambi\u00e9n de historias, (se trata del coraz\u00f3n del texto). La ortograf\u00eda y gram\u00e1tica son<br \/>\npospuestas para otra etapa del proceso.<br \/>\nDijimos que\u2026el escritor va \u201cacumulando cositas\u201d\u2026Historias de la infancia por<br \/>\nejemplo, para generar ese gran \u201carchivo\u201d de datos. Observamos pues, que resulta<br \/>\npreciso empaparse de informaci\u00f3n del tema que nos interesa, y desarrollarlo de un<br \/>\nmodo \u00f3ptimo. Un aporte interesante aqu\u00ed, resulta ser la menci\u00f3n de un proceso de<br \/>\naislamiento y la construcci\u00f3n en borradores de su futura historia.<br \/>\nContinuamos se\u00f1alando que, m\u00e1s tarde, el escritor ampliar\u00e1 su informaci\u00f3n<br \/>\ninvestigando y llegando m\u00e1s all\u00e1. Para luego pasar de prosa de escritor a prosa de<br \/>\nlector, pensando su elaboraci\u00f3n como la que sea m\u00e1s adecuada para el lector.<br \/>\nTrabajar\u00e1 para ello en lograr formas que su p\u00fablico pueda comprender.<br \/>\nEn la construcci\u00f3n de conocimiento generada en clase mencionamos aportes como:<br \/>\nLa verosimilitud necesaria de los textos, en relaci\u00f3n a la coherencia que se le<br \/>\nda a la historia (para que sea cre\u00edble). La caracter\u00edstica del proceso de no ser lineal,<br \/>\nsino que se le da forma en el camino. Tambi\u00e9n que lo importante cuando<br \/>\nreescribimos, es anotar todas aquellas ideas que vienen a nosotros, Esas frases con<br \/>\nlas que nos encontramos, tal vez incluso en sue\u00f1os. De este modo, no nos veremos<br \/>\ncon nuestra hoja en blanco. El proceso debe fluir.<br \/>\nAgregamos despu\u00e9s, que antes de dar a conocer p\u00fablicamente el texto, se debe<br \/>\nhacer una revisi\u00f3n de lo elaborado, con la ayuda de la mirada de un lector, quien<br \/>\nnos dar\u00e1 su \u00f3ptica.<\/p>\n","protected":false},"excerpt":{"rendered":"<p>Por Joaqu\u00edn Medina Buenas noches, comparto el resumen de la clase del mi\u00e9rcoles tres de abril. Comenzamos repasando las lecturas encomendadas en la clase anterior. En primera instancia hablamos de Daniel Cassany, y el texto \u201cEscribir sin prejuicios ni supersticiones\u201d, analizando as\u00ed las miradas al mundo del escritor, un mundo diverso. En este marco, nos [&hellip;]<\/p>\n","protected":false},"author":16,"featured_media":0,"comment_status":"open","ping_status":"open","sticky":false,"template":"","format":"standard","meta":{"footnotes":""},"categories":[6,27],"tags":[],"_links":{"self":[{"href":"https:\/\/redaccion1.fcpolit.unr.edu.ar\/comision-liberatore\/wp-json\/wp\/v2\/posts\/2464"}],"collection":[{"href":"https:\/\/redaccion1.fcpolit.unr.edu.ar\/comision-liberatore\/wp-json\/wp\/v2\/posts"}],"about":[{"href":"https:\/\/redaccion1.fcpolit.unr.edu.ar\/comision-liberatore\/wp-json\/wp\/v2\/types\/post"}],"author":[{"embeddable":true,"href":"https:\/\/redaccion1.fcpolit.unr.edu.ar\/comision-liberatore\/wp-json\/wp\/v2\/users\/16"}],"replies":[{"embeddable":true,"href":"https:\/\/redaccion1.fcpolit.unr.edu.ar\/comision-liberatore\/wp-json\/wp\/v2\/comments?post=2464"}],"version-history":[{"count":0,"href":"https:\/\/redaccion1.fcpolit.unr.edu.ar\/comision-liberatore\/wp-json\/wp\/v2\/posts\/2464\/revisions"}],"wp:attachment":[{"href":"https:\/\/redaccion1.fcpolit.unr.edu.ar\/comision-liberatore\/wp-json\/wp\/v2\/media?parent=2464"}],"wp:term":[{"taxonomy":"category","embeddable":true,"href":"https:\/\/redaccion1.fcpolit.unr.edu.ar\/comision-liberatore\/wp-json\/wp\/v2\/categories?post=2464"},{"taxonomy":"post_tag","embeddable":true,"href":"https:\/\/redaccion1.fcpolit.unr.edu.ar\/comision-liberatore\/wp-json\/wp\/v2\/tags?post=2464"}],"curies":[{"name":"wp","href":"https:\/\/api.w.org\/{rel}","templated":true}]}}