{"id":2424,"date":"2022-10-30T21:59:12","date_gmt":"2022-10-30T21:59:12","guid":{"rendered":"http:\/\/blogs-fcpolit.unr.edu.ar\/redaccion1-liberatore\/?p=2424"},"modified":"2022-10-30T21:59:12","modified_gmt":"2022-10-30T21:59:12","slug":"de-todo-como-en-botica","status":"publish","type":"post","link":"https:\/\/redaccion1.fcpolit.unr.edu.ar\/comision-liberatore\/2022\/10\/30\/de-todo-como-en-botica\/","title":{"rendered":"De todo como en botica"},"content":{"rendered":"<p>Abro este mensaje con un t\u00edtulo para preguntar de que se trata&#8230;.<\/p>\n<p>Varias cosillas a tener en cuenta, a saber:<\/p>\n<ul>\n<li>Mi\u00e9rcoles 2 de noviembre a las 16h se presentar\u00e1 el libro &#8220;Peque\u00f1as pasiones&#8221; en el marco del Congreso de la Democracia.<\/li>\n<li>Mi\u00e9rcoles 9 de noviembre consulta virtual de 17 a 19h. La idea es ir cerrando cuestiones sobre el TP Final. Minutos antes de la hora publicar\u00e9 el enlace en FB.<\/li>\n<li>Hasta el viernes 2 de diciembre, recibir\u00e9 los TP Finales.<\/li>\n<li>Mi\u00e9rcoles 7 de diciembre de 16.30 a 18 se entregar\u00e1n presencialmente las notas y firmar\u00e1n libretas.<\/li>\n<\/ul>\n<p>Es todo por ahora.<\/p>\n<p>A trabajarrrrr<\/p>\n<p>Hasta pronto<\/p>\n<p>&nbsp;<\/p>\n","protected":false},"excerpt":{"rendered":"<p>Abro este mensaje con un t\u00edtulo para preguntar de que se trata&#8230;. Varias cosillas a tener en cuenta, a saber: Mi\u00e9rcoles 2 de noviembre a las 16h se presentar\u00e1 el libro &#8220;Peque\u00f1as pasiones&#8221; en el marco del Congreso de la Democracia. Mi\u00e9rcoles 9 de noviembre consulta virtual de 17 a 19h. La idea es ir [&hellip;]<\/p>\n","protected":false},"author":16,"featured_media":0,"comment_status":"open","ping_status":"open","sticky":false,"template":"","format":"standard","meta":{"footnotes":""},"categories":[35,33],"tags":[],"_links":{"self":[{"href":"https:\/\/redaccion1.fcpolit.unr.edu.ar\/comision-liberatore\/wp-json\/wp\/v2\/posts\/2424"}],"collection":[{"href":"https:\/\/redaccion1.fcpolit.unr.edu.ar\/comision-liberatore\/wp-json\/wp\/v2\/posts"}],"about":[{"href":"https:\/\/redaccion1.fcpolit.unr.edu.ar\/comision-liberatore\/wp-json\/wp\/v2\/types\/post"}],"author":[{"embeddable":true,"href":"https:\/\/redaccion1.fcpolit.unr.edu.ar\/comision-liberatore\/wp-json\/wp\/v2\/users\/16"}],"replies":[{"embeddable":true,"href":"https:\/\/redaccion1.fcpolit.unr.edu.ar\/comision-liberatore\/wp-json\/wp\/v2\/comments?post=2424"}],"version-history":[{"count":0,"href":"https:\/\/redaccion1.fcpolit.unr.edu.ar\/comision-liberatore\/wp-json\/wp\/v2\/posts\/2424\/revisions"}],"wp:attachment":[{"href":"https:\/\/redaccion1.fcpolit.unr.edu.ar\/comision-liberatore\/wp-json\/wp\/v2\/media?parent=2424"}],"wp:term":[{"taxonomy":"category","embeddable":true,"href":"https:\/\/redaccion1.fcpolit.unr.edu.ar\/comision-liberatore\/wp-json\/wp\/v2\/categories?post=2424"},{"taxonomy":"post_tag","embeddable":true,"href":"https:\/\/redaccion1.fcpolit.unr.edu.ar\/comision-liberatore\/wp-json\/wp\/v2\/tags?post=2424"}],"curies":[{"name":"wp","href":"https:\/\/api.w.org\/{rel}","templated":true}]}}