{"id":2382,"date":"2022-06-30T01:44:09","date_gmt":"2022-06-30T01:44:09","guid":{"rendered":"http:\/\/blogs-fcpolit.unr.edu.ar\/redaccion1-liberatore\/?p=2382"},"modified":"2022-06-30T01:44:09","modified_gmt":"2022-06-30T01:44:09","slug":"anuncios-y-recordatorio","status":"publish","type":"post","link":"https:\/\/redaccion1.fcpolit.unr.edu.ar\/comision-liberatore\/2022\/06\/30\/anuncios-y-recordatorio\/","title":{"rendered":"Anuncios y recordatorio"},"content":{"rendered":"<p>Estimados\/as<\/p>\n<p>El pr\u00f3ximo mi\u00e9rcoles nos encontraremos las dos comisiones para cerrar la unidad 3 desde las 17 y hasta las 19 h.\u00a0Sugerimos leer y profundizar en el contenido de la misma, para resolver lo necesario antes de terminar el cuatrimestre.<\/p>\n<p>Adem\u00e1s, queremos recordarles que el recuperatorio del examen parcial ser\u00e1 el 2 de agosto, con la misma modalidad que la evaluaci\u00f3n que entregaron.<\/p>\n<p>Esperamos que hayan podido aprovechar la invitaci\u00f3n a la muestra del pintor holand\u00e9s, pero si no pudo ser, recomendamos revisar la agenda cultural de Rosario y buscar un evento art\u00edstico (muestra &#8211; exposici\u00f3n) el cual les resulte interesante y puedan visitar, con el fin de tener insumos para un pr\u00f3ximo trabajo pr\u00e1ctico.<\/p>\n<p>\u00a1Hasta el mi\u00e9rcoles!<\/p>\n<p>&nbsp;<\/p>\n","protected":false},"excerpt":{"rendered":"<p>Estimados\/as El pr\u00f3ximo mi\u00e9rcoles nos encontraremos las dos comisiones para cerrar la unidad 3 desde las 17 y hasta las 19 h.\u00a0Sugerimos leer y profundizar en el contenido de la misma, para resolver lo necesario antes de terminar el cuatrimestre. Adem\u00e1s, queremos recordarles que el recuperatorio del examen parcial ser\u00e1 el 2 de agosto, con [&hellip;]<\/p>\n","protected":false},"author":16,"featured_media":0,"comment_status":"open","ping_status":"open","sticky":false,"template":"","format":"standard","meta":{"footnotes":""},"categories":[35,32],"tags":[],"_links":{"self":[{"href":"https:\/\/redaccion1.fcpolit.unr.edu.ar\/comision-liberatore\/wp-json\/wp\/v2\/posts\/2382"}],"collection":[{"href":"https:\/\/redaccion1.fcpolit.unr.edu.ar\/comision-liberatore\/wp-json\/wp\/v2\/posts"}],"about":[{"href":"https:\/\/redaccion1.fcpolit.unr.edu.ar\/comision-liberatore\/wp-json\/wp\/v2\/types\/post"}],"author":[{"embeddable":true,"href":"https:\/\/redaccion1.fcpolit.unr.edu.ar\/comision-liberatore\/wp-json\/wp\/v2\/users\/16"}],"replies":[{"embeddable":true,"href":"https:\/\/redaccion1.fcpolit.unr.edu.ar\/comision-liberatore\/wp-json\/wp\/v2\/comments?post=2382"}],"version-history":[{"count":0,"href":"https:\/\/redaccion1.fcpolit.unr.edu.ar\/comision-liberatore\/wp-json\/wp\/v2\/posts\/2382\/revisions"}],"wp:attachment":[{"href":"https:\/\/redaccion1.fcpolit.unr.edu.ar\/comision-liberatore\/wp-json\/wp\/v2\/media?parent=2382"}],"wp:term":[{"taxonomy":"category","embeddable":true,"href":"https:\/\/redaccion1.fcpolit.unr.edu.ar\/comision-liberatore\/wp-json\/wp\/v2\/categories?post=2382"},{"taxonomy":"post_tag","embeddable":true,"href":"https:\/\/redaccion1.fcpolit.unr.edu.ar\/comision-liberatore\/wp-json\/wp\/v2\/tags?post=2382"}],"curies":[{"name":"wp","href":"https:\/\/api.w.org\/{rel}","templated":true}]}}