{"id":2338,"date":"2022-05-08T00:42:56","date_gmt":"2022-05-08T00:42:56","guid":{"rendered":"http:\/\/blogs-fcpolit.unr.edu.ar\/redaccion1-liberatore\/?p=2338"},"modified":"2022-05-08T00:42:56","modified_gmt":"2022-05-08T00:42:56","slug":"resumen-5-de-mayo","status":"publish","type":"post","link":"https:\/\/redaccion1.fcpolit.unr.edu.ar\/comision-liberatore\/2022\/05\/08\/resumen-5-de-mayo\/","title":{"rendered":"Resumen 5 de mayo"},"content":{"rendered":"<p><a href=\"https:\/\/blogs.fcpolit.unr.edu.ar\/redaccion1-liberatore\/files\/2022\/05\/IMG_20211031_143401015.jpg\"><img loading=\"lazy\" decoding=\"async\" class=\"alignleft size-thumbnail wp-image-2339\" src=\"https:\/\/blogs.fcpolit.unr.edu.ar\/redaccion1-liberatore\/files\/2022\/05\/IMG_20211031_143401015-150x150.jpg\" alt=\"\" width=\"150\" height=\"150\" \/><\/a>Por Juli\u00e1n O\u00f1a<\/p>\n<p>&nbsp;<\/p>\n<p>Mi\u00e9rcoles 4 de mayo, el clima es raro, al salir de casa no alcanza la ropa para combatir el crudo invierno. Quiz\u00e1s esto mucho tuvo que ver en la incorporaci\u00f3n de un nuevo compa\u00f1ero especial en la clase. Todos lo envidiamos al verlo, puede que por recibir cari\u00f1o de desconocidos sin siquiera pedirlo o por tener la capacidad de dormir en el piso sin verg\u00fcenza.<!--more--><\/p>\n<p>Al arribo de la docente fue planteado la forma de trabajo en el mes de mayo, la ruleta del calendario nos brind\u00f3 la particularidad que durante 2 semanas no tendremos clases en la catedra de REDACCION 1. Si bien pocos lo recuerdan despu\u00e9s de 12 a\u00f1os volvemos a tener un censo, y cae un Mi\u00e9rcoles, ni hablar que hace 212 a\u00f1os en un d\u00eda que no se sabe con exactitud si llov\u00eda o hab\u00eda sol pero por la fecha sin dudas se estaban cantando de frio, se realizaba un revoluci\u00f3n que termino con la conformaci\u00f3n del \u201cPRIMER GOBIERNO PATRIO\u201d. Todas estas vueltas para decirles a los lectores que el mi\u00e9rcoles 11 ser\u00e1 la \u00faltima clase del mes.<\/p>\n<p>Por esta particularidad tendremos que realizar lecturas en nuestras casas con el objetivo de realizar para el d\u00eda 20 de mayo (con entrega virtual) un trabajo pr\u00e1ctico y otro que se fijar\u00e1 los puntos de presentaci\u00f3n y objetivos con el correr de los siguientes d\u00edas.<\/p>\n<p>Luego de esta propuesta de la profesora llegamos a la misa de todos los mi\u00e9rcoles. El recorrido de los alumnes por sus lecturas por placer, esto siempre genera climas de relajaci\u00f3n, dudas, intereses y hasta conflictos. Esta semana no fue la excepci\u00f3n cuando una compa\u00f1era comparti\u00f3 que sus lecturas se destinaron a seguir las particularidades del caso judicial del ser por todes deseado: JOHNNY DEPP. Los actos de este caso singular donde se puso mucho en tela de juicio (como siempre en estas situaciones) los consumos personales del actor que no solo es una cara bonita sino tambi\u00e9n uno de los mejores en su actividad, esto dicho por los que saben del tema, no como quien escribe este resume. La sorpresa de los que desconoc\u00edamos los pormenores al ser iluminados por el conocimiento celestial de todo lo referido al espect\u00e1culo, lleg\u00f3 a su punto org\u00e1smico cuando se tir\u00f3 por el aire el uso de la cama que era compartida por la pareja en conflicto para un peculiar fetiche. R\u00e1pido se tir\u00f3 la cisterna para dejar de lado este tema y pasar a otras propuestas de compa\u00f1eres que sus lecturas inspiradas por un trabajo pr\u00e1ctico de EXPRESION ORAL fueron m\u00e1s relacionadas con cuentos infantiles y la peculiaridad de estos textos dependiendo del origen geogr\u00e1fico de los escritores. No soy yo quien deba describir los sentimientos de los lectores por recorrer estas lecturas que fueron importante en sus infancias y todos los recuerdos que esto les tra\u00eda.<\/p>\n<p>La clase dio el giro de 360\u00b0 para tomar el rumbo te\u00f3rico, en esto vale destacar la diferencia que tendr\u00e1n las lecturas entre la UNIDAD 1 que estaban destinadas a las lecturas como escritor con su siguiente que estar\u00e1 destinada al lector.<\/p>\n<p>Pido disculpa a los lectores, mi cerebro a veces se apaga y esta no ser\u00e1 la excepci\u00f3n. Cuando vuelvo a estar en ON la clase estaba exponiendo las vivencias sobre el \u00faltimo trabajo practico el cual los futuros escritores tuvieron en este recorrido m\u00e1s confusi\u00f3n que el REY DEL NORTE saliendo una conferencia de prensa. No soy yo, o quiz\u00e1s s\u00ed \u00a0el rizom\u00e1tico y desordenado, este grupo tiene cosas tan maravillosas que todo lo vuelve anarqu\u00eda. Por eso es que volvimos a hablar del pr\u00f3ximo TP que se denomina \u201cPEQUE\u00d1AS PASIONES\u201d que al comenzar las preguntas empec\u00e9 a entender que estar\u00e1 destinado en escrituras para audiolibros. Esto es un proyecto esta o estuvo delineado por un libro de\u00a0 ANA POMAR. Me cost\u00f3, siempre me cuesta. Pero entend\u00ed que este trabajo ser\u00e1 una producci\u00f3n de textos accesibles, el mismo precisara tomar un texto de \u201cPASIONES\u201d que se encuentra en el drive y redactar en base a la inspiraci\u00f3n de la lectura seleccionada una producci\u00f3n individual. Para tener en cuenta va ser necesario escribir sobre la misma estructura y utilizando un estilo similar a la seleccionada, \u201creflejar al autor en la producci\u00f3n\u201d fue una frase utilizada por la docente. Y para que todes tengan en claro. \u00a1Llegar al pr\u00f3ximo mi\u00e9rcoles con los textos del drive le\u00eddo!<\/p>\n<p>Entre tanta anarqu\u00eda y sed de informaci\u00f3n que tiene este grupo llegamos a la FUENTE. \u00a1Volvimos a la teor\u00eda! Repasamos las caracter\u00edsticas y tipos de fuentes que utilizan los escritores con ejemplificaciones. Esta informaci\u00f3n es importante para poder armar nuestros textos.<\/p>\n<p>Al parpadear, ya habl\u00e9 antes de mis problemas de concentraci\u00f3n, est\u00e1bamos hablando de la prosa de escritor y la importancia que tiene este tema para la superestructura y por consecuencia la identificaci\u00f3n de los destinatarios cuando pensamos nuestras escrituras.<\/p>\n<p>Como antes les mencione esta unidad est\u00e1 destinada al lector, por ello es que le dimos importancia a estos temas y haciendo referencia al texto de CASSANY \u201cTRAS LAS LINEAS. SOBRE LA LECTURA CONTEMPORANEA\u201d en el cual entre otros temas se plantea como el lector forma sentido en los textos.<\/p>\n<p>La sed que tiene este grupo se aumenta cuando estamos llegando al final, y nuestra atenci\u00f3n est\u00e1 m\u00e1s orientada a donde vamos despu\u00e9s de la clase que a prestar atenci\u00f3n a la \u00faltima informaci\u00f3n. Con gran esfuerzo escucho que para la pr\u00f3xima clase tendremos muchas lecturas, as\u00ed que les recuerdo a los lectores la gran importancia que tendr\u00e1n los textos para la redacci\u00f3n de nuestros pr\u00f3ximos trabajos pr\u00e1cticos<\/p>\n<p>Les pido disculpas por este resumen, el cual tome la responsabilidad de confeccionar con el fin de enviarle si es que le llega, un mensaje a todes aquellos que no est\u00e1n asistiendo a las clases, sea las materias que sean. Sabemos lo dif\u00edcil que es el \u00e1mbito universitario, sabemos lo dif\u00edcil que es el d\u00eda a d\u00eda, pero como sabemos esto. Tambi\u00e9n sabemos que un compa\u00f1ere puede darnos el \u00e1nimo y el empuj\u00f3n necesario para no dejar este espacio. Por eso me atrevo a hablar por todes los que con esfuerzo seguimos cursando, que todo aquel que necesite ser escuchado, una ayuda, o lo que sea este grupo bastante dispar y an\u00e1rquico tiene mucho para darles.<\/p>\n","protected":false},"excerpt":{"rendered":"<p>Por Juli\u00e1n O\u00f1a &nbsp; Mi\u00e9rcoles 4 de mayo, el clima es raro, al salir de casa no alcanza la ropa para combatir el crudo invierno. Quiz\u00e1s esto mucho tuvo que ver en la incorporaci\u00f3n de un nuevo compa\u00f1ero especial en la clase. Todos lo envidiamos al verlo, puede que por recibir cari\u00f1o de desconocidos sin [&hellip;]<\/p>\n","protected":false},"author":16,"featured_media":0,"comment_status":"open","ping_status":"open","sticky":false,"template":"","format":"standard","meta":{"footnotes":""},"categories":[35,27],"tags":[],"_links":{"self":[{"href":"https:\/\/redaccion1.fcpolit.unr.edu.ar\/comision-liberatore\/wp-json\/wp\/v2\/posts\/2338"}],"collection":[{"href":"https:\/\/redaccion1.fcpolit.unr.edu.ar\/comision-liberatore\/wp-json\/wp\/v2\/posts"}],"about":[{"href":"https:\/\/redaccion1.fcpolit.unr.edu.ar\/comision-liberatore\/wp-json\/wp\/v2\/types\/post"}],"author":[{"embeddable":true,"href":"https:\/\/redaccion1.fcpolit.unr.edu.ar\/comision-liberatore\/wp-json\/wp\/v2\/users\/16"}],"replies":[{"embeddable":true,"href":"https:\/\/redaccion1.fcpolit.unr.edu.ar\/comision-liberatore\/wp-json\/wp\/v2\/comments?post=2338"}],"version-history":[{"count":0,"href":"https:\/\/redaccion1.fcpolit.unr.edu.ar\/comision-liberatore\/wp-json\/wp\/v2\/posts\/2338\/revisions"}],"wp:attachment":[{"href":"https:\/\/redaccion1.fcpolit.unr.edu.ar\/comision-liberatore\/wp-json\/wp\/v2\/media?parent=2338"}],"wp:term":[{"taxonomy":"category","embeddable":true,"href":"https:\/\/redaccion1.fcpolit.unr.edu.ar\/comision-liberatore\/wp-json\/wp\/v2\/categories?post=2338"},{"taxonomy":"post_tag","embeddable":true,"href":"https:\/\/redaccion1.fcpolit.unr.edu.ar\/comision-liberatore\/wp-json\/wp\/v2\/tags?post=2338"}],"curies":[{"name":"wp","href":"https:\/\/api.w.org\/{rel}","templated":true}]}}