{"id":2279,"date":"2021-10-08T02:33:26","date_gmt":"2021-10-08T02:33:26","guid":{"rendered":"http:\/\/blogs-fcpolit.unr.edu.ar\/redaccion1-liberatore\/?p=2279"},"modified":"2021-10-08T02:33:26","modified_gmt":"2021-10-08T02:33:26","slug":"resumen-clase-6-10-comision-17hs","status":"publish","type":"post","link":"https:\/\/redaccion1.fcpolit.unr.edu.ar\/comision-liberatore\/2021\/10\/08\/resumen-clase-6-10-comision-17hs\/","title":{"rendered":"Resumen clase 6\/10. Comisi\u00f3n 17hs."},"content":{"rendered":"<p>Por Facundo Magallanes<a href=\"https:\/\/blogs.fcpolit.unr.edu.ar\/redaccion1-liberatore\/files\/2021\/10\/WhatsApp-Image-2021-08-26-at-18.42.32-3.jpeg\"><img loading=\"lazy\" decoding=\"async\" class=\"alignleft size-thumbnail wp-image-2280\" src=\"https:\/\/blogs.fcpolit.unr.edu.ar\/redaccion1-liberatore\/files\/2021\/10\/WhatsApp-Image-2021-08-26-at-18.42.32-3-150x150.jpeg\" alt=\"\" width=\"150\" height=\"150\" \/><\/a><\/p>\n<p>Arranc\u00f3 la clase, y \u00e9ramos muy pocos. Bel\u00e9n nos cont\u00f3 que se aproximaba su viaje a Bariloche, discutimos acerca de las complicaciones actuales y de a poco el silencio fue desapareciendo.<!--more--><\/p>\n<p>Ana nos inform\u00f3 acerca de cu\u00e1ndo ser\u00e1n las pr\u00f3ximas clases presenciales. El 20 de octubre, y el 17 de noviembre.<\/p>\n<p>El 27 de octubre no habr\u00e1 clases por el Congreso de la Democracia, sin embargo, pautaremos un Trabajo Pr\u00e1ctico.<\/p>\n<p>Como siempre, cada uno cont\u00f3 sus lecturas que estuvo leyendo en la semana.<\/p>\n<p>Yo habl\u00e9 sobre el texto de masculinidades de Luciano Fabbri, y pudimos charlar sobre c\u00f3mo prepararse para una entrevista.<\/p>\n<p>Nahuel nos coment\u00f3 que no suele buscar libros, sino que los encuentra por recomendaci\u00f3n y encontr\u00f3 un texto en Twitter, sin saber que era ficcional en un principio.<\/p>\n<p>Salom\u00e9 comenz\u00f3 a leer \u201cEl Diario de Ana Frank\u201d y nos resumi\u00f3 un poco de lo que fue leyendo. La profesora lo conoc\u00eda, por lo que nos pudo contar una parte de la historia y el objetivo de este libro.<\/p>\n<p>Avanzamos sobre la teor\u00eda de la unidad 4.2. El g\u00e9nero conversacional. Hablamos de las complicaciones que fueron surgiendo en la entrevista, en el encuentro, debido a ser una de nuestros primeros encuentros como entrevistadores. Debemos darle una gran importancia a la teor\u00eda de los textos, para as\u00ed poder aplicarla de forma pr\u00e1ctica.<\/p>\n<p>Luego, comenzamos con la teor\u00eda de la unidad 4.3. Hicimos un repaso acerca de cu\u00e1les son las cinco constituyentes.<\/p>\n<p>Para la pr\u00f3xima clase, debemos tener le\u00eddos los siguientes textos:<\/p>\n<p>Piglia, Ricardo (2015). \u201cModos de narrar\u201d en La forma inicial.<\/p>\n<p>Alsina, Miquel Rodrigo (1996). \u201cLas noticias\u201d en La construcci\u00f3n de la noticia<\/p>\n<p>Recomendaci\u00f3n: Leer noticias cortas y entrevistas para poder interpretar lo te\u00f3rico en ellas y as\u00ed poder charlarlo en clase.<\/p>\n","protected":false},"excerpt":{"rendered":"<p>Por Facundo Magallanes Arranc\u00f3 la clase, y \u00e9ramos muy pocos. Bel\u00e9n nos cont\u00f3 que se aproximaba su viaje a Bariloche, discutimos acerca de las complicaciones actuales y de a poco el silencio fue desapareciendo.<\/p>\n","protected":false},"author":16,"featured_media":0,"comment_status":"open","ping_status":"open","sticky":false,"template":"","format":"standard","meta":{"footnotes":""},"categories":[34,27],"tags":[],"_links":{"self":[{"href":"https:\/\/redaccion1.fcpolit.unr.edu.ar\/comision-liberatore\/wp-json\/wp\/v2\/posts\/2279"}],"collection":[{"href":"https:\/\/redaccion1.fcpolit.unr.edu.ar\/comision-liberatore\/wp-json\/wp\/v2\/posts"}],"about":[{"href":"https:\/\/redaccion1.fcpolit.unr.edu.ar\/comision-liberatore\/wp-json\/wp\/v2\/types\/post"}],"author":[{"embeddable":true,"href":"https:\/\/redaccion1.fcpolit.unr.edu.ar\/comision-liberatore\/wp-json\/wp\/v2\/users\/16"}],"replies":[{"embeddable":true,"href":"https:\/\/redaccion1.fcpolit.unr.edu.ar\/comision-liberatore\/wp-json\/wp\/v2\/comments?post=2279"}],"version-history":[{"count":0,"href":"https:\/\/redaccion1.fcpolit.unr.edu.ar\/comision-liberatore\/wp-json\/wp\/v2\/posts\/2279\/revisions"}],"wp:attachment":[{"href":"https:\/\/redaccion1.fcpolit.unr.edu.ar\/comision-liberatore\/wp-json\/wp\/v2\/media?parent=2279"}],"wp:term":[{"taxonomy":"category","embeddable":true,"href":"https:\/\/redaccion1.fcpolit.unr.edu.ar\/comision-liberatore\/wp-json\/wp\/v2\/categories?post=2279"},{"taxonomy":"post_tag","embeddable":true,"href":"https:\/\/redaccion1.fcpolit.unr.edu.ar\/comision-liberatore\/wp-json\/wp\/v2\/tags?post=2279"}],"curies":[{"name":"wp","href":"https:\/\/api.w.org\/{rel}","templated":true}]}}