{"id":227,"date":"2010-10-05T12:45:44","date_gmt":"2010-10-05T12:45:44","guid":{"rendered":"http:\/\/fcpolit.unr.edu.ar\/blogs\/redaccion1-liberatore\/2010\/10\/05\/paseos-narrativos\/"},"modified":"2010-10-05T12:45:44","modified_gmt":"2010-10-05T12:45:44","slug":"paseos-narrativos","status":"publish","type":"post","link":"https:\/\/redaccion1.fcpolit.unr.edu.ar\/comision-liberatore\/2010\/10\/05\/paseos-narrativos\/","title":{"rendered":"Paseos narrativos"},"content":{"rendered":"<p>En pleno desarrollo de la superestructura narrativa, les dejamos v\u00ednculos para pasear y disfrutar de los relatos, de las t\u00e9cnicas y propuestas acerca del narrar \u00a1Qu\u00e9 los difruten!<br \/>\n<a href=\"http:\/\/www.bdp.org.ar\/facultad\/catedras\/comsoc\/redaccion1\/liberatore\/2008\/05\/lecturas_para_compartir.php\">Lecturas para compartir<\/a><br \/>\n<a href=\"http:\/\/www.bdp.org.ar\/facultad\/catedras\/comsoc\/redaccion1\/liberatore\/2008\/05\/periodismo_y_narracion_desafio.php\"><br \/>\nPeriodismo y Narraci\u00f3n: desaf\u00edos para el siglo XXI<\/a><br \/>\n<a href=\"http:\/\/www.bdp.org.ar\/facultad\/catedras\/comsoc\/redaccion1\/liberatore\/2008\/10\/cronicas_una_narrativa_natural.php\">Cr\u00f3nicas: una narrativa natural<\/a><br \/>\n<a href=\"http:\/\/www.bdp.org.ar\/facultad\/catedras\/comsoc\/redaccion1\/liberatore\/2006\/10\/la_no_ficcion_en_el_limite_ent.php\">La no ficci\u00f3n: en el l\u00edmite entre el periodismo y la literatura<\/a><\/p>\n","protected":false},"excerpt":{"rendered":"<p>En pleno desarrollo de la superestructura narrativa, les dejamos v\u00ednculos para pasear y disfrutar de los relatos, de las t\u00e9cnicas y propuestas acerca del narrar \u00a1Qu\u00e9 los difruten! Lecturas para compartir Periodismo y Narraci\u00f3n: desaf\u00edos para el siglo XXI Cr\u00f3nicas: una narrativa natural La no ficci\u00f3n: en el l\u00edmite entre el periodismo y la literatura<\/p>\n","protected":false},"author":19,"featured_media":0,"comment_status":"open","ping_status":"closed","sticky":false,"template":"","format":"standard","meta":{"footnotes":""},"categories":[11],"tags":[],"_links":{"self":[{"href":"https:\/\/redaccion1.fcpolit.unr.edu.ar\/comision-liberatore\/wp-json\/wp\/v2\/posts\/227"}],"collection":[{"href":"https:\/\/redaccion1.fcpolit.unr.edu.ar\/comision-liberatore\/wp-json\/wp\/v2\/posts"}],"about":[{"href":"https:\/\/redaccion1.fcpolit.unr.edu.ar\/comision-liberatore\/wp-json\/wp\/v2\/types\/post"}],"author":[{"embeddable":true,"href":"https:\/\/redaccion1.fcpolit.unr.edu.ar\/comision-liberatore\/wp-json\/wp\/v2\/users\/19"}],"replies":[{"embeddable":true,"href":"https:\/\/redaccion1.fcpolit.unr.edu.ar\/comision-liberatore\/wp-json\/wp\/v2\/comments?post=227"}],"version-history":[{"count":0,"href":"https:\/\/redaccion1.fcpolit.unr.edu.ar\/comision-liberatore\/wp-json\/wp\/v2\/posts\/227\/revisions"}],"wp:attachment":[{"href":"https:\/\/redaccion1.fcpolit.unr.edu.ar\/comision-liberatore\/wp-json\/wp\/v2\/media?parent=227"}],"wp:term":[{"taxonomy":"category","embeddable":true,"href":"https:\/\/redaccion1.fcpolit.unr.edu.ar\/comision-liberatore\/wp-json\/wp\/v2\/categories?post=227"},{"taxonomy":"post_tag","embeddable":true,"href":"https:\/\/redaccion1.fcpolit.unr.edu.ar\/comision-liberatore\/wp-json\/wp\/v2\/tags?post=227"}],"curies":[{"name":"wp","href":"https:\/\/api.w.org\/{rel}","templated":true}]}}