{"id":2257,"date":"2021-09-06T21:39:31","date_gmt":"2021-09-06T21:39:31","guid":{"rendered":"http:\/\/blogs-fcpolit.unr.edu.ar\/redaccion1-liberatore\/?p=2257"},"modified":"2021-09-06T21:39:31","modified_gmt":"2021-09-06T21:39:31","slug":"comunicado-examen-parcial-recuperatorio","status":"publish","type":"post","link":"https:\/\/redaccion1.fcpolit.unr.edu.ar\/comision-liberatore\/2021\/09\/06\/comunicado-examen-parcial-recuperatorio\/","title":{"rendered":"Comunicado &#8211; Examen parcial- Recuperatorio"},"content":{"rendered":"<p>Estimados\/as<\/p>\n<p>Respecto de las caracter\u00edsticas, modalidad y formato del examen recuperatorio del primer parcial, dejo a continuaci\u00f3n los datos que ser\u00e1n de utilidad para esta etapa:<\/p>\n<ul>\n<li>La fecha pautada es mi\u00e9rcoles 8 de septiembre<\/li>\n<li>Horario: de 8 a 20 h.<\/li>\n<li>A partir del horario de inicio consultar en este espacio los v\u00ednculos para realizar el trabajo<\/li>\n<li>Como el objetivo corresponde a recuperar\u00a0 lo no comprendido o aprendido, las consignas son las mismas que en el examen parcial.<\/li>\n<li>Entregar en archivo adjunto, plantilla de Word al correo de la profesora.<\/li>\n<\/ul>\n<p>\u00a1Hasta el mi\u00e9rcoles!<\/p>\n","protected":false},"excerpt":{"rendered":"<p>Estimados\/as Respecto de las caracter\u00edsticas, modalidad y formato del examen recuperatorio del primer parcial, dejo a continuaci\u00f3n los datos que ser\u00e1n de utilidad para esta etapa: La fecha pautada es mi\u00e9rcoles 8 de septiembre Horario: de 8 a 20 h. A partir del horario de inicio consultar en este espacio los v\u00ednculos para realizar el [&hellip;]<\/p>\n","protected":false},"author":16,"featured_media":0,"comment_status":"open","ping_status":"open","sticky":false,"template":"","format":"standard","meta":{"footnotes":""},"categories":[34,32],"tags":[],"_links":{"self":[{"href":"https:\/\/redaccion1.fcpolit.unr.edu.ar\/comision-liberatore\/wp-json\/wp\/v2\/posts\/2257"}],"collection":[{"href":"https:\/\/redaccion1.fcpolit.unr.edu.ar\/comision-liberatore\/wp-json\/wp\/v2\/posts"}],"about":[{"href":"https:\/\/redaccion1.fcpolit.unr.edu.ar\/comision-liberatore\/wp-json\/wp\/v2\/types\/post"}],"author":[{"embeddable":true,"href":"https:\/\/redaccion1.fcpolit.unr.edu.ar\/comision-liberatore\/wp-json\/wp\/v2\/users\/16"}],"replies":[{"embeddable":true,"href":"https:\/\/redaccion1.fcpolit.unr.edu.ar\/comision-liberatore\/wp-json\/wp\/v2\/comments?post=2257"}],"version-history":[{"count":0,"href":"https:\/\/redaccion1.fcpolit.unr.edu.ar\/comision-liberatore\/wp-json\/wp\/v2\/posts\/2257\/revisions"}],"wp:attachment":[{"href":"https:\/\/redaccion1.fcpolit.unr.edu.ar\/comision-liberatore\/wp-json\/wp\/v2\/media?parent=2257"}],"wp:term":[{"taxonomy":"category","embeddable":true,"href":"https:\/\/redaccion1.fcpolit.unr.edu.ar\/comision-liberatore\/wp-json\/wp\/v2\/categories?post=2257"},{"taxonomy":"post_tag","embeddable":true,"href":"https:\/\/redaccion1.fcpolit.unr.edu.ar\/comision-liberatore\/wp-json\/wp\/v2\/tags?post=2257"}],"curies":[{"name":"wp","href":"https:\/\/api.w.org\/{rel}","templated":true}]}}