{"id":2243,"date":"2021-08-26T22:53:05","date_gmt":"2021-08-26T22:53:05","guid":{"rendered":"http:\/\/blogs-fcpolit.unr.edu.ar\/redaccion1-liberatore\/?p=2243"},"modified":"2021-08-26T22:53:05","modified_gmt":"2021-08-26T22:53:05","slug":"resumen-clase-25-de-agosto-comision-17hs","status":"publish","type":"post","link":"https:\/\/redaccion1.fcpolit.unr.edu.ar\/comision-liberatore\/2021\/08\/26\/resumen-clase-25-de-agosto-comision-17hs\/","title":{"rendered":"Resumen clase 25 de agosto. Comisi\u00f3n 17hs."},"content":{"rendered":"<p style=\"font-weight: 400\">Por Facundo Magallanes<a href=\"https:\/\/blogs.fcpolit.unr.edu.ar\/redaccion1-liberatore\/files\/2021\/08\/WhatsApp-Image-2021-08-26-at-18.42.32.jpeg\"><img loading=\"lazy\" decoding=\"async\" class=\"alignleft size-thumbnail wp-image-2244\" src=\"https:\/\/blogs.fcpolit.unr.edu.ar\/redaccion1-liberatore\/files\/2021\/08\/WhatsApp-Image-2021-08-26-at-18.42.32-150x150.jpeg\" alt=\"\" width=\"150\" height=\"150\" \/><\/a><\/p>\n<p>Eran las 17:00\u00a0como todos los mi\u00e9rcoles iba comenzando la clase<\/p>\n<p>La profe nos mencion\u00f3 que estuvo recibiendo los trabajos y que intentar\u00e1 tenerlos corregidos para el viernes, para que podamos repasar la unidad para el pr\u00f3ximo lunes que es el d\u00eda del examen.<!--more--><\/p>\n<p>Tambi\u00e9n nos coment\u00f3 la siguiente informaci\u00f3n en cuanto al parcial y la pr\u00f3xima clase presencial:<\/p>\n<p>El examen arrancar\u00e1 el d\u00eda 30\/8 a las 8:00\u00a0 y la entrega tiene un plazo de 24hs, o sea hasta las 8:00\u00a0 del 31\/8. Estar\u00e1 colgado en el grupo de Facebook. Tendremos que entregarlo al correo electr\u00f3nico de Ana en un archivo adjunto. Se espera haber estudiado las teor\u00edas de las unidades 1, 2 y 3.<\/p>\n<p>La devoluci\u00f3n del parcial ser\u00e1n algunas consideraciones sobre lo que podamos mejorar y obviamente, la nota. Habr\u00e1 recuperatorio del parcial, pero todav\u00eda no hay una fecha definida ya que la profe tiene que saber los resultados del examen.<\/p>\n<p>Nuestra primera clase presencial ser\u00e1 el mi\u00e9rcoles 15\/9 desde las 17:30 hasta las 18:30. De aqu\u00ed hasta el 15 de septiembre debemos confirmar la presencia a Renata, la ayudante. Aquellas personas que no puedan o no quieran ir, no se preocupen, se intentar\u00e1 hacer un aula h\u00edbrida (virtual y presencial).<\/p>\n<p>Luego de toda esta informaci\u00f3n, empezamos a hablar acerca de lo que hemos ido leyendo en la semana, como noticias o textos facultativos. Despu\u00e9s de unas pocas intervenciones por parte nuestra, Ana respondi\u00f3 todas nuestras dudas en cuanto a la teor\u00eda del examen.<\/p>\n<p>Tambi\u00e9n charlamos sobre c\u00f3mo ser\u00e1 el trabajo final. Tendremos que ir pensando una macroestructura que sea de nuestro inter\u00e9s personal, ya de cara al trabajo final.<\/p>\n<p>En cuanto a la pr\u00f3xima clase, el mi\u00e9rcoles pr\u00f3ximo arrancaremos con la unidad 4. Por eso mismo, tendremos que tener le\u00eddos los siguientes textos:<\/p>\n<p>S\u00e1nchez Lobato, Jes\u00fas (2006), \u00abModelo del texto expositivo\u00bb en Saber escribir<\/p>\n<p>IPYS UNESCO (2016), \u00abDefinici\u00f3n del periodismo de investigaci\u00f3n\u00bb. En Gu\u00eda de Periodismo de Investigaci\u00f3n<\/p>\n<p>Reale, Anal\u00eda (2016). \u00abExplorar el universo del discurso\u00bb. En Leer y escribir textos de ciencias sociales: procesos y estrategias.<\/p>\n<p>(ATENCI\u00d3N: Estos textos est\u00e1n ubicados en la Unidad 4.1)<\/p>\n","protected":false},"excerpt":{"rendered":"<p>Por Facundo Magallanes Eran las 17:00\u00a0como todos los mi\u00e9rcoles iba comenzando la clase La profe nos mencion\u00f3 que estuvo recibiendo los trabajos y que intentar\u00e1 tenerlos corregidos para el viernes, para que podamos repasar la unidad para el pr\u00f3ximo lunes que es el d\u00eda del examen.<\/p>\n","protected":false},"author":16,"featured_media":0,"comment_status":"open","ping_status":"open","sticky":false,"template":"","format":"standard","meta":{"footnotes":""},"categories":[34,27],"tags":[],"_links":{"self":[{"href":"https:\/\/redaccion1.fcpolit.unr.edu.ar\/comision-liberatore\/wp-json\/wp\/v2\/posts\/2243"}],"collection":[{"href":"https:\/\/redaccion1.fcpolit.unr.edu.ar\/comision-liberatore\/wp-json\/wp\/v2\/posts"}],"about":[{"href":"https:\/\/redaccion1.fcpolit.unr.edu.ar\/comision-liberatore\/wp-json\/wp\/v2\/types\/post"}],"author":[{"embeddable":true,"href":"https:\/\/redaccion1.fcpolit.unr.edu.ar\/comision-liberatore\/wp-json\/wp\/v2\/users\/16"}],"replies":[{"embeddable":true,"href":"https:\/\/redaccion1.fcpolit.unr.edu.ar\/comision-liberatore\/wp-json\/wp\/v2\/comments?post=2243"}],"version-history":[{"count":0,"href":"https:\/\/redaccion1.fcpolit.unr.edu.ar\/comision-liberatore\/wp-json\/wp\/v2\/posts\/2243\/revisions"}],"wp:attachment":[{"href":"https:\/\/redaccion1.fcpolit.unr.edu.ar\/comision-liberatore\/wp-json\/wp\/v2\/media?parent=2243"}],"wp:term":[{"taxonomy":"category","embeddable":true,"href":"https:\/\/redaccion1.fcpolit.unr.edu.ar\/comision-liberatore\/wp-json\/wp\/v2\/categories?post=2243"},{"taxonomy":"post_tag","embeddable":true,"href":"https:\/\/redaccion1.fcpolit.unr.edu.ar\/comision-liberatore\/wp-json\/wp\/v2\/tags?post=2243"}],"curies":[{"name":"wp","href":"https:\/\/api.w.org\/{rel}","templated":true}]}}