{"id":2225,"date":"2021-08-06T01:51:24","date_gmt":"2021-08-06T01:51:24","guid":{"rendered":"http:\/\/blogs-fcpolit.unr.edu.ar\/redaccion1-liberatore\/?p=2225"},"modified":"2021-08-06T01:51:24","modified_gmt":"2021-08-06T01:51:24","slug":"miercoles-4-de-agosto","status":"publish","type":"post","link":"https:\/\/redaccion1.fcpolit.unr.edu.ar\/comision-liberatore\/2021\/08\/06\/miercoles-4-de-agosto\/","title":{"rendered":"Mi\u00e9rcoles 4 de agosto"},"content":{"rendered":"<p>.Por Tania S<span class=\"qu\" role=\"gridcell\"><span class=\"gD\">epliarsky<a href=\"https:\/\/blogs.fcpolit.unr.edu.ar\/redaccion1-liberatore\/files\/2021\/08\/Tania.jpg\"><img loading=\"lazy\" decoding=\"async\" class=\"alignleft size-thumbnail wp-image-2226\" src=\"https:\/\/blogs.fcpolit.unr.edu.ar\/redaccion1-liberatore\/files\/2021\/08\/Tania-150x150.jpg\" alt=\"\" width=\"150\" height=\"150\" \/><\/a><\/span><\/span><\/p>\n<p>La clase comenz\u00f3 muy puntual, entr\u00e9 cerca de las 19:32 y Ana ya se encontraba\u00a0charlando con algunos de mis compa\u00f1eros. A los pocos minutos, cuando \u00e9ramos\u00a0cerca de 9 participantes comenzamos con el \u00a8Taller de lectura\u00a8.\u00a0<!--more--><br \/>\nValentino, tom\u00f3 la posta, muy emocionado sobre su lectura de la semana. La segunda<br \/>\nfue Mar\u00eda de los \u00c1ngeles, quien tambi\u00e9n habl\u00f3 sobre la novela que ven\u00eda leyendo<br \/>\ndesde la semana anterior.<br \/>\nLes siguieron Juan Carlos y Cele, con lecturas de noticias, que era lo planteado para<br \/>\nla clase. La noticia del d\u00eda fue que ganaron \u00a8Las Leonas\u00a8 y jugaremos la final ante<br \/>\nHolanda. Ana plante\u00f3 la importancia de la temporalidad en este tipo de<br \/>\nsuperestructura ya que una noticia es un acontecimiento particular que importa en un<br \/>\ndeterminado momento. Conversamos tambi\u00e9n sobre la importancia de lo paratextual<br \/>\n(el t\u00edtulo o las fotos), lo que nos llama la atenci\u00f3n y nos lleva a elegir leer algunas<br \/>\ncosas sobre otras.<br \/>\nPasamos a la parte de las lecturas te\u00f3ricas, hablamos sobre la importancia de la<br \/>\nsuperestructura (el tipo de texto que elegimos como escritores) ya que es lo que va a<br \/>\nordenar la informaci\u00f3n. Esto nos llev\u00f3 a charlar sobre\u00a0la macroestructura, el tema del<br \/>\nque se escribe y c\u00f3mo estas estructuras nos van condicionando como escritores, pero<br \/>\na la vez esto nos ayuda a ordenarnos y poder avanzar.<\/p>\n<p>Ya en los \u00faltimos minutos de la clase Ana nos invit\u00f3 a seguir leyendo noticias y tener<br \/>\nmuy en cuenta lo planteado por Calsamiglia y Tus\u00f3n en \u00a8Las cosas del decir\u00a8 (lectura<br \/>\nte\u00f3rica a leer).<\/p>\n<p>La semana que viene comenzaremos a analizar otro tipo de texto, el<br \/>\n\u00a8hipertexto\u00a8. Las lecturas te\u00f3ricas propuestas para esto son: \u00a8 un cap\u00edtulo del libro<br \/>\nHipermediaciones\u00a8 de Carlos Scolari y un fragmento del libro \u00a8Peri\u00f3dicos: sistemas<br \/>\ncomplejos, narradores en interacci\u00f3n\u00a8 de \u00a0Mar de Fontcuberta.<\/p>\n","protected":false},"excerpt":{"rendered":"<p>.Por Tania Sepliarsky La clase comenz\u00f3 muy puntual, entr\u00e9 cerca de las 19:32 y Ana ya se encontraba\u00a0charlando con algunos de mis compa\u00f1eros. A los pocos minutos, cuando \u00e9ramos\u00a0cerca de 9 participantes comenzamos con el \u00a8Taller de lectura\u00a8.\u00a0<\/p>\n","protected":false},"author":16,"featured_media":0,"comment_status":"open","ping_status":"open","sticky":false,"template":"","format":"standard","meta":{"footnotes":""},"categories":[34,27],"tags":[],"_links":{"self":[{"href":"https:\/\/redaccion1.fcpolit.unr.edu.ar\/comision-liberatore\/wp-json\/wp\/v2\/posts\/2225"}],"collection":[{"href":"https:\/\/redaccion1.fcpolit.unr.edu.ar\/comision-liberatore\/wp-json\/wp\/v2\/posts"}],"about":[{"href":"https:\/\/redaccion1.fcpolit.unr.edu.ar\/comision-liberatore\/wp-json\/wp\/v2\/types\/post"}],"author":[{"embeddable":true,"href":"https:\/\/redaccion1.fcpolit.unr.edu.ar\/comision-liberatore\/wp-json\/wp\/v2\/users\/16"}],"replies":[{"embeddable":true,"href":"https:\/\/redaccion1.fcpolit.unr.edu.ar\/comision-liberatore\/wp-json\/wp\/v2\/comments?post=2225"}],"version-history":[{"count":0,"href":"https:\/\/redaccion1.fcpolit.unr.edu.ar\/comision-liberatore\/wp-json\/wp\/v2\/posts\/2225\/revisions"}],"wp:attachment":[{"href":"https:\/\/redaccion1.fcpolit.unr.edu.ar\/comision-liberatore\/wp-json\/wp\/v2\/media?parent=2225"}],"wp:term":[{"taxonomy":"category","embeddable":true,"href":"https:\/\/redaccion1.fcpolit.unr.edu.ar\/comision-liberatore\/wp-json\/wp\/v2\/categories?post=2225"},{"taxonomy":"post_tag","embeddable":true,"href":"https:\/\/redaccion1.fcpolit.unr.edu.ar\/comision-liberatore\/wp-json\/wp\/v2\/tags?post=2225"}],"curies":[{"name":"wp","href":"https:\/\/api.w.org\/{rel}","templated":true}]}}