{"id":222,"date":"2010-09-09T21:29:20","date_gmt":"2010-09-09T21:29:20","guid":{"rendered":"http:\/\/fcpolit.unr.edu.ar\/blogs\/redaccion1-liberatore\/2010\/09\/09\/mientras-tanto-17\/"},"modified":"2010-09-09T21:29:20","modified_gmt":"2010-09-09T21:29:20","slug":"mientras-tanto-17","status":"publish","type":"post","link":"https:\/\/redaccion1.fcpolit.unr.edu.ar\/comision-liberatore\/2010\/09\/09\/mientras-tanto-17\/","title":{"rendered":"Mientras tanto&#8230;.."},"content":{"rendered":"<p>Por Cecilia Aristoy<br \/>\nA medias, pero vacaciones al fin.<br \/>\nTodos los estudiantes esperan con ansias el receso invernal: salir con amigos, ir al parque, al cine, al shopping; un sinf\u00edn de actividades recreativas sin pensar en las min\u00fasculas fracciones de tiempo por las que normalmente la gente se preocupa.<br \/>\nNo soy la excepci\u00f3n, pero mis vacaciones de invierno no fueron completas, sino a medias; un peque\u00f1o descanso a las corridas cotidianas.<\/p>\n<p><!--more--><br \/>\nDurante los primeros d\u00edas opt\u00e9 por relajar mi mente, aflojar un poco las tensiones del cuerpo: algunas a\u00f1oradas siestas despu\u00e9s de escuchar mi m\u00fasica favorita, terminar de leer el libro que me hab\u00edan prestado hace siglos y mirar las temporadas en DVD de Los Simpson que jam\u00e1s me canso de verlas.<br \/>\nA mediados de semana, RE fue el prefijo clave, me dediqu\u00e9 a reconstruir mi habitaci\u00f3n despu\u00e9s del cataclismo que la sucumbi\u00f3, sobretodo mi ropero. Tir\u00e9 todo lo viejo y descubr\u00ed que detr\u00e1s de la ropa, se encontraban efectivamente, \u00a1Cajones! S\u00ed, los mismos que llevo buscando desde que comenc\u00e9 las clases. Tambi\u00e9n me reacondicion\u00e9 a m\u00ed misma: peluquer\u00eda, manos, ejercicio; y reorganic\u00e9 mis actividades personales, en base a mis horarios de trabajo.<br \/>\nEn el primer fin de semana, fundamentalmente visit\u00e9 a amigos, paseamos en mi auto, compartimos charlas, chistes y aprovechamos para matear en algunos parques y tambi\u00e9n ir al shopping a comprar felicidad moment\u00e1nea. El viernes tuve el cumple de una de mis mejores amigas, lo pas\u00e9 genial, pero mi amiga\u2026 no tanto, un estado comatoso la dej\u00f3 destruida.<br \/>\nSegunda semana de vacaciones, lo laboral fue lo m\u00e1s importante. En mi trabajo, como realizo tareas bajo presi\u00f3n constantemente y recibo exigencias desde la compa\u00f1\u00eda a diario para cumplir con ciertas normas y procedimientos que son parte de la misma, aprovech\u00e9 para entrenar en \u00e1reas puntuales que me fueron asignadas y para realizar cursos de perfeccionamiento, ya que no estaba asistiendo a clases. A esto se le suma que el lugar es de convocatoria masiva de j\u00f3venes y ni\u00f1os, as\u00ed que su asistencia permanente, hicieron de mis vacaciones, la mitad de lo que deber\u00edan de ser, debido a que me estresaron totalmente. Entre medio de la multitud que me avasallaba, pensaba para mis adentros \u201cGo home!\u201d. Me desbordaron totalmente, pero lo peor es que la cantidad de personas que asistan al local no es directamente proporcional a mi sueldo.<br \/>\nYa terminando julio, me dediqu\u00e9 a estudiar para mis tres interminables y densos ex\u00e1menes finales del curso de Ingl\u00e9s que estoy realizando, que, pude aprobar, despu\u00e9s de tanto esfuerzo y dedicaci\u00f3n. Ese fin de semana tuve otro cumplea\u00f1os de otra de mis amigas, no me qued\u00e9 mucho tiempo pero llegu\u00e9 a probar una de las tortas m\u00e1s ricas y empalagosas que com\u00ed en mi vida.<br \/>\nLas primeras semanas de agosto, me las tom\u00e9 sab\u00e1ticas en estudio y volv\u00ed a relajarme. Fui al cine a ver los \u00faltimos estrenos: \u201cEclipse\u201d (por obligaci\u00f3n de mis amigas) y \u201cEl \u00faltimo maestro aire\u201d. No voy a mentir, me gust\u00f3 mucho m\u00e1s la \u00faltima, muy linda la historia y fiel, seg\u00fan dicen, al anim\u00e9; tambi\u00e9n los efectos especiales y la caracterizaci\u00f3n de los personajes me encantaron; as\u00ed que espero con ansias la segunda entrega de la saga. Me siento como cuando era chiquita y esperaba los estrenos de las pelis en el cine, con tantas ansias, \u00a1Qu\u00e9 lindos recuerdos!<br \/>\nTambi\u00e9n volv\u00ed a reconectarme con mis amigas despu\u00e9s de unas semanas sin vernos, &#8220;chusmeamos&#8221; de todo y debatimos el por qu\u00e9 no me gusta nada de \u201cEclipse\u201d, desde la historia hasta los protagonistas. Por m\u00e1s que lo intenten, no me van a doblegar; ser\u00e9 una entre miles de millones quiz\u00e1s, pero es la verdad \u00a1NO ME GUST\u00d3!<br \/>\nEste \u00faltimo fin de semana, antes de las clases, aunque parezca tonto, lo celebr\u00e9 yendo a bailar con las chicas, una divertida manera de culminar mis vertiginosas vacaciones a medias.<\/p>\n","protected":false},"excerpt":{"rendered":"<p>Por Cecilia Aristoy A medias, pero vacaciones al fin. Todos los estudiantes esperan con ansias el receso invernal: salir con amigos, ir al parque, al cine, al shopping; un sinf\u00edn de actividades recreativas sin pensar en las min\u00fasculas fracciones de tiempo por las que normalmente la gente se preocupa. No soy la excepci\u00f3n, pero mis [&hellip;]<\/p>\n","protected":false},"author":19,"featured_media":0,"comment_status":"open","ping_status":"closed","sticky":false,"template":"","format":"standard","meta":{"footnotes":""},"categories":[4],"tags":[],"_links":{"self":[{"href":"https:\/\/redaccion1.fcpolit.unr.edu.ar\/comision-liberatore\/wp-json\/wp\/v2\/posts\/222"}],"collection":[{"href":"https:\/\/redaccion1.fcpolit.unr.edu.ar\/comision-liberatore\/wp-json\/wp\/v2\/posts"}],"about":[{"href":"https:\/\/redaccion1.fcpolit.unr.edu.ar\/comision-liberatore\/wp-json\/wp\/v2\/types\/post"}],"author":[{"embeddable":true,"href":"https:\/\/redaccion1.fcpolit.unr.edu.ar\/comision-liberatore\/wp-json\/wp\/v2\/users\/19"}],"replies":[{"embeddable":true,"href":"https:\/\/redaccion1.fcpolit.unr.edu.ar\/comision-liberatore\/wp-json\/wp\/v2\/comments?post=222"}],"version-history":[{"count":0,"href":"https:\/\/redaccion1.fcpolit.unr.edu.ar\/comision-liberatore\/wp-json\/wp\/v2\/posts\/222\/revisions"}],"wp:attachment":[{"href":"https:\/\/redaccion1.fcpolit.unr.edu.ar\/comision-liberatore\/wp-json\/wp\/v2\/media?parent=222"}],"wp:term":[{"taxonomy":"category","embeddable":true,"href":"https:\/\/redaccion1.fcpolit.unr.edu.ar\/comision-liberatore\/wp-json\/wp\/v2\/categories?post=222"},{"taxonomy":"post_tag","embeddable":true,"href":"https:\/\/redaccion1.fcpolit.unr.edu.ar\/comision-liberatore\/wp-json\/wp\/v2\/tags?post=222"}],"curies":[{"name":"wp","href":"https:\/\/api.w.org\/{rel}","templated":true}]}}