{"id":2213,"date":"2021-07-09T22:54:07","date_gmt":"2021-07-09T22:54:07","guid":{"rendered":"http:\/\/blogs-fcpolit.unr.edu.ar\/redaccion1-liberatore\/?p=2213"},"modified":"2021-07-09T22:54:07","modified_gmt":"2021-07-09T22:54:07","slug":"resumen-miercoles-7-de-julio-17h","status":"publish","type":"post","link":"https:\/\/redaccion1.fcpolit.unr.edu.ar\/comision-liberatore\/2021\/07\/09\/resumen-miercoles-7-de-julio-17h\/","title":{"rendered":"Resumen mi\u00e9rcoles 7 de julio. 17h"},"content":{"rendered":"<p>Por Mateo Bresolin<a href=\"https:\/\/blogs.fcpolit.unr.edu.ar\/redaccion1-liberatore\/files\/2021\/07\/20210709_134838.jpg\"><img loading=\"lazy\" decoding=\"async\" class=\"alignright size-thumbnail wp-image-2214\" src=\"https:\/\/blogs.fcpolit.unr.edu.ar\/redaccion1-liberatore\/files\/2021\/07\/20210709_134838-150x150.jpg\" alt=\"\" width=\"150\" height=\"150\" \/><\/a><\/p>\n<p>17:02 mando la solicitud para unirme al Meet, Ana es la \u00fanica con la c\u00e1mara prendida,\u00a0me sorprende, pens\u00e9 que no me andaba muy bien el internet. Nos invita a contar como\u00a0todas las clases, sobre alguna lectura que estemos haciendo, ya sea de alguna noticia, o<br \/>\ntextos de la facultad. En ese momento, Salom\u00e9 se come un gajo de mandarina, y Ana le\u00a0llama la atenci\u00f3n al decirle que en la presencialidad eso hubiera llevado una terrible\u00a0sanci\u00f3n.<!--more--><\/p>\n<p>Volviendo a contar sobre nuestras lecturas, Juana nos cuenta que est\u00e1 leyendo<br \/>\n&#8220;Mi planta de naranja lima&#8221;; que se lo recomend\u00f3 su mam\u00e1, porque ella llora siempre<br \/>\ncon las pel\u00edculas pero nunca con un libro. Salom\u00e9 despu\u00e9s de comer su gajo, nos cuenta<br \/>\nque ley\u00f3 una noticia sobre Tom Ellis, el actor que interpret\u00f3 en la \u00faltima pel\u00edcula a<br \/>\nSpider Man, nos dice que el hab\u00eda so\u00f1ado con alg\u00fan d\u00eda poder interpretar ese papel.<\/p>\n<p>Luego de esto, Ana recuerda que tenemos que decidir qui\u00e9n va a realizar el resumen de<br \/>\nla clase, al no haber postulantes la profe recurre a la dedocracia, donde soy elegido yo.<br \/>\nLuego de eso, empezamos a hablar sobre los textos que ten\u00edamos que haber le\u00eddo para<br \/>\nesa clase, la profe nos da el pie para hacer una puesta en com\u00fan, y reconocer ideas.<br \/>\nNahuel pasa a la lectura de producci\u00f3n de texto, y dice que le llama la atenci\u00f3n que<br \/>\ncuando lector lee, est\u00e1 realizando una actividad, donde el lector le da m\u00e1s informaci\u00f3n a<br \/>\nla p\u00e1gina que en la p\u00e1gina al lector. Con esto la profe nos quiere dejar en claro que El<br \/>\nlector es un sujeto activo, Olga habla de que el lector puede construir puentes para poder<br \/>\nconstruirlos a estos hay que reconocer en el texto las tareas principales, saber las<br \/>\ndiferencias de lo importante de lo dem\u00e1s. Luego nos ponemos hablar del parafraseo que<br \/>\nen una breve definici\u00f3n es decir las cosas con otras palabras, no cit\u00e1ndolo igual que en<br \/>\nel texto. Nosotros al principio de las clases estamos parafraseando.<\/p>\n<p>El lenguaje figurativo y literal. En la poes\u00eda predomina el lenguaje figurativo, o en las<br \/>\ncanciones tambi\u00e9n, y dependiendo al lector que est\u00e1 destinada, es para que pueda<br \/>\nrecuperar la informaci\u00f3n y asignarle sentido. Ana nos cuenta que en diarios utilizan<br \/>\nt\u00edtulos muy figurativos para llamar la atenci\u00f3n de los lectores. La ambig\u00fcedad es tener<br \/>\nvarios significados que dependiendo el contexto de lo que estemos leyendo, nos da la<br \/>\npauta de lo que quiere decir el lector dice pablo. La ambig\u00fcedad suele ser complicada,<br \/>\ny un claro ejemplo es cuando los textos tienen un final abierto, y nosotros ponemos en<br \/>\ncom\u00fan nuestro final, con otro lector y no coincide, nos cuenta la profe.<\/p>\n<p>Ana no recuerda si hab\u00edamos hablado de todas las reglas y Juana nos dice que faltaban 2<br \/>\nuna de esas es la de causa y consecuencia, nos explica que hay que buscar un hecho, y<br \/>\nbuscar la consecuencia de la cual se da. La ultima regla es era la relaciones endof\u00f3ricas o exof\u00f3ricas, el autor usa relaciones dentro y fuera del texto para que pueda relacionar<br \/>\nlo que ven\u00eda leyendo. El lector lo puede reconocer a trav\u00e9s de pronombres personales,<br \/>\ndemostrativos, o posesivos.<\/p>\n<p>Ya terminando la clase, y sin ninguna duda de los alumnos, la profe nos cuenta sobre el<br \/>\ntrabajo practico integrador numero 2 el cual tenemos fecha para entregar el 28 de julio.<br \/>\nY nos dice que es fundamental leer 2 textos para poder realizarlo con mayor facilidad,<br \/>\nestos textos son:<br \/>\n-La compresi\u00f3n como proceso<br \/>\n-Afilar el lapicero<\/p>\n<p>Ana nos desea un gran receso, y nos invita a leer por placer. Y unos d\u00edas mas adelante<br \/>\nnos avisa sobre como avanzar sobre la unidad 3.<\/p>\n","protected":false},"excerpt":{"rendered":"<p>Por Mateo Bresolin 17:02 mando la solicitud para unirme al Meet, Ana es la \u00fanica con la c\u00e1mara prendida,\u00a0me sorprende, pens\u00e9 que no me andaba muy bien el internet. Nos invita a contar como\u00a0todas las clases, sobre alguna lectura que estemos haciendo, ya sea de alguna noticia, o textos de la facultad. En ese momento, [&hellip;]<\/p>\n","protected":false},"author":16,"featured_media":0,"comment_status":"open","ping_status":"open","sticky":false,"template":"","format":"standard","meta":{"footnotes":""},"categories":[34,27],"tags":[],"_links":{"self":[{"href":"https:\/\/redaccion1.fcpolit.unr.edu.ar\/comision-liberatore\/wp-json\/wp\/v2\/posts\/2213"}],"collection":[{"href":"https:\/\/redaccion1.fcpolit.unr.edu.ar\/comision-liberatore\/wp-json\/wp\/v2\/posts"}],"about":[{"href":"https:\/\/redaccion1.fcpolit.unr.edu.ar\/comision-liberatore\/wp-json\/wp\/v2\/types\/post"}],"author":[{"embeddable":true,"href":"https:\/\/redaccion1.fcpolit.unr.edu.ar\/comision-liberatore\/wp-json\/wp\/v2\/users\/16"}],"replies":[{"embeddable":true,"href":"https:\/\/redaccion1.fcpolit.unr.edu.ar\/comision-liberatore\/wp-json\/wp\/v2\/comments?post=2213"}],"version-history":[{"count":0,"href":"https:\/\/redaccion1.fcpolit.unr.edu.ar\/comision-liberatore\/wp-json\/wp\/v2\/posts\/2213\/revisions"}],"wp:attachment":[{"href":"https:\/\/redaccion1.fcpolit.unr.edu.ar\/comision-liberatore\/wp-json\/wp\/v2\/media?parent=2213"}],"wp:term":[{"taxonomy":"category","embeddable":true,"href":"https:\/\/redaccion1.fcpolit.unr.edu.ar\/comision-liberatore\/wp-json\/wp\/v2\/categories?post=2213"},{"taxonomy":"post_tag","embeddable":true,"href":"https:\/\/redaccion1.fcpolit.unr.edu.ar\/comision-liberatore\/wp-json\/wp\/v2\/tags?post=2213"}],"curies":[{"name":"wp","href":"https:\/\/api.w.org\/{rel}","templated":true}]}}