{"id":209,"date":"2010-08-29T12:02:24","date_gmt":"2010-08-29T12:02:24","guid":{"rendered":"http:\/\/fcpolit.unr.edu.ar\/blogs\/redaccion1-liberatore\/2010\/08\/29\/mientras-tanto-13\/"},"modified":"2010-08-29T12:02:24","modified_gmt":"2010-08-29T12:02:24","slug":"mientras-tanto-13","status":"publish","type":"post","link":"https:\/\/redaccion1.fcpolit.unr.edu.ar\/comision-liberatore\/2010\/08\/29\/mientras-tanto-13\/","title":{"rendered":"Mientras tanto&#8230;"},"content":{"rendered":"<p>por Luc\u00eda Toledo<br \/>\nYa ni me acuerdo cu\u00e1ntos mi\u00e9rcoles libres pasaron desde que volv\u00ed a clases, lo \u00fanico que recuerdo es que fueron MUCHOS, y lo escribo en may\u00fasculas para resaltar la gravedad que implica la palabra.<\/p>\n<p><!--more--><br \/>\nLa primer semana de vacaciones la ven\u00eda planificando desde hac\u00eda varios d\u00edas\u2026 ten\u00eda tantos lugares para ir, tanta gente que visitar, tantos compromisos que cumplir, que cuando me daba cuenta que el asunto se pon\u00eda complicado, \u201cdespertaba\u201d de ese trance en el que suelo estar muy a menudo y hund\u00eda mis narices nuevamente en los apuntes de \u201cpensamiento\u201d.<br \/>\nPero las tan ansiadas vacaciones llegaron, y recuerdo que mi primer mi\u00e9rcoles libre me levant\u00e9 cerca de las 2 de la tarde, estaba toda enredada en las s\u00e1banas de la cama de mi mam\u00e1 (s\u00ed, le robo la cama a mi mam\u00e1, \u00bfqui\u00e9n no la extra\u00f1a despu\u00e9s de estar tanto tiempo fuera de casa?) y estir\u00e9 el brazo lo m\u00e1s que pude para agarrar el celular.<br \/>\nComo era de esperarse hab\u00eda mensajes de mis amigas, emocionad\u00edsimas porque sab\u00edan que estaba en casa, por fin, y que me quedaba por un tiempo dentro de todo largo\u2026 as\u00ed que despu\u00e9s de luchar contra mi cara de dormida frente al espejo un par de minutos, me prepar\u00e9 decentemente para salir a las calles de mi amada ciudad (chiquitita, pero ciudad al fin).  Y bueno, pueden imaginarse lo que una adolescente hace con sus amigas despu\u00e9s de pasar tanto tiempo sin verlas: charlar, tomar mates, comer, charlar otra vez, enterarse de las \u201cnovedades\u201d, de los chismes, de las parejitas nuevas que se formaron\u2026 ustedes me entienden. Cosas t\u00edpicas que hace un adolescente t\u00edpico en unas vacaciones t\u00edpicas.<br \/>\nPero los d\u00edas de ocio se tomaron muy a pecho el significado de ocio, y para una persona como yo, que no puede estar ni un minuto sin hacer nada, es altamente nocivo. As\u00ed que me acord\u00e9 de que ten\u00eda un par de libros sin terminar y me compromet\u00ed firmemente a dedicarles una gran parte de mis mi\u00e9rcoles a ellos.<br \/>\nY as\u00ed siguieron, plaza, sol, lectura, un poco de guitarra, amigos, fiestas, familia\u2026<br \/>\nY no s\u00e9 por qu\u00e9 los mi\u00e9rcoles son mis d\u00edas favoritos (y no lo digo para quedar bien porque justo hay que escribir sobre los mi\u00e9rcoles), sino porque tienen ese no se qu\u00e9 que me hacen sentir mas aliviada, porque estamos en la mitad de la semana, porque falta menos para el \u201cfinde\u201d, pero sobre todo es mi favorito porque suena bien, \u00bfno les parece?, repitan\u2026 MI\u00c9RCOLES: M I \u00c9 R C O L ES\u2026 quedan genial todas las letras juntas, se ven arm\u00f3nicas, bah, al menos eso pienso yo, que tengo cierto vicio con las letras y los n\u00fameros, a tal punto, que siento que los lunes, mi\u00e9rcoles y viernes son \u201cimpares\u201d, simplemente por c\u00f3mo suenan. En fin, ya me fui de tema, t\u00edpico en m\u00ed, no los culpo si pasan estos p\u00e1rrafos por arriba, yo suelo hacerlo cuando el tema en cuesti\u00f3n se pone denso y extenso\u2026 as\u00ed que voy terminando, para no cansarlos tanto.<br \/>\nRedondeando, puedo decir que mis mi\u00e9rcoles libres los utilic\u00e9 para eso, para ser libre, para hacer todo lo que ten\u00eda ganas hacer y no pod\u00eda los d\u00edas ocupados\u2026<\/p>\n","protected":false},"excerpt":{"rendered":"<p>por Luc\u00eda Toledo Ya ni me acuerdo cu\u00e1ntos mi\u00e9rcoles libres pasaron desde que volv\u00ed a clases, lo \u00fanico que recuerdo es que fueron MUCHOS, y lo escribo en may\u00fasculas para resaltar la gravedad que implica la palabra.<\/p>\n","protected":false},"author":19,"featured_media":0,"comment_status":"open","ping_status":"closed","sticky":false,"template":"","format":"standard","meta":{"footnotes":""},"categories":[4],"tags":[],"_links":{"self":[{"href":"https:\/\/redaccion1.fcpolit.unr.edu.ar\/comision-liberatore\/wp-json\/wp\/v2\/posts\/209"}],"collection":[{"href":"https:\/\/redaccion1.fcpolit.unr.edu.ar\/comision-liberatore\/wp-json\/wp\/v2\/posts"}],"about":[{"href":"https:\/\/redaccion1.fcpolit.unr.edu.ar\/comision-liberatore\/wp-json\/wp\/v2\/types\/post"}],"author":[{"embeddable":true,"href":"https:\/\/redaccion1.fcpolit.unr.edu.ar\/comision-liberatore\/wp-json\/wp\/v2\/users\/19"}],"replies":[{"embeddable":true,"href":"https:\/\/redaccion1.fcpolit.unr.edu.ar\/comision-liberatore\/wp-json\/wp\/v2\/comments?post=209"}],"version-history":[{"count":0,"href":"https:\/\/redaccion1.fcpolit.unr.edu.ar\/comision-liberatore\/wp-json\/wp\/v2\/posts\/209\/revisions"}],"wp:attachment":[{"href":"https:\/\/redaccion1.fcpolit.unr.edu.ar\/comision-liberatore\/wp-json\/wp\/v2\/media?parent=209"}],"wp:term":[{"taxonomy":"category","embeddable":true,"href":"https:\/\/redaccion1.fcpolit.unr.edu.ar\/comision-liberatore\/wp-json\/wp\/v2\/categories?post=209"},{"taxonomy":"post_tag","embeddable":true,"href":"https:\/\/redaccion1.fcpolit.unr.edu.ar\/comision-liberatore\/wp-json\/wp\/v2\/tags?post=209"}],"curies":[{"name":"wp","href":"https:\/\/api.w.org\/{rel}","templated":true}]}}