{"id":206,"date":"2010-08-25T22:10:45","date_gmt":"2010-08-25T22:10:45","guid":{"rendered":"http:\/\/fcpolit.unr.edu.ar\/blogs\/redaccion1-liberatore\/2010\/08\/25\/mientras-tanto-10\/"},"modified":"2010-08-25T22:10:45","modified_gmt":"2010-08-25T22:10:45","slug":"mientras-tanto-10","status":"publish","type":"post","link":"https:\/\/redaccion1.fcpolit.unr.edu.ar\/comision-liberatore\/2010\/08\/25\/mientras-tanto-10\/","title":{"rendered":"Mientras tanto&#8230;"},"content":{"rendered":"<p>Por Florencia Mainardi<br \/>\nLos mi\u00e9rcoles siempre fueron mi d\u00eda preferido de la semana. Nunca supe bien por qu\u00e9. Creo que es porque est\u00e1n en la mitad. En el medio. Ya paso lo peor que es el lunes y ya se acerca el jueves y despu\u00e9s el viernes y despu\u00e9s el s\u00e1bado.<\/p>\n<p><!--more--><br \/>\nMe levanto a media ma\u00f1ana, me hago un super desayuno en el que no falta nunca el juguito de naranja y las tostadas con dulce de leche. Si es una de esas ma\u00f1ana en las que el sol esta con todas sus fuerzas, salgo a caminar. Me llevo alg\u00fan libro, alg\u00fan puchito. Camino hasta llegar a mi lugar. El lugar no se los puedo decir porque es secreto. Cada uno tendr\u00e1 su lugar y ah\u00ed se tirara a leer o escribir o un poco de las dos cosas.<br \/>\nDespu\u00e9s de haber llenado mi cabeza de historias y de haber absorbido cuanta vitamina D pude, vuelvo a mi casa. Si estoy de buen humor cocino para mis hermanos algo m\u00e1s que milanesas o fideos. A lo mejor los espero con un pastel de carne o unos ravioles. Pizzas caseras o hice alg\u00fan postre.<br \/>\nCon la panza llena me tiro en la cama a leer otro rato y organizar que hacer a la tarde. Mis tardes var\u00edan mucho. Depende de si existe un \u201c\u00e9l\u201d a quien acudir o si son esos d\u00edas que no existe ni \u201c\u00e9l\u201d ni otro y yo termino en el parque o en un bar tomando caf\u00e9 con alguna amiga en mi misma situaci\u00f3n.<br \/>\nCuando \u201c\u00e9l\u201d existe me pasa a buscar por casa. Nos perdemos un poco por la ciudad. No somos nada pero somos y as\u00ed marchamos bien. Si no tengo que cursar mis d\u00edas se extienden mucho y a lo mejor me quedo ah\u00ed en sus brazos hasta que mam\u00e1 me llama y me obliga a volver.<br \/>\nLos mi\u00e9rcoles libres son divertidos casi siempre. Puede ser que vaya al cine o me junte con las mujeres de mi vida a chusmear y comer y chusmear.<br \/>\nEl tiempo libre, es eso libre. Y hay que disfrutarlo. Llenarlo de personas que nos gusten y de lugares que nos hagan sentir.<br \/>\nPasarla bien desde que sale el sol hasta que sale la luna.<br \/>\nY sin dudas los mi\u00e9rcoles son los mejores, si me entero que vos tampoco cursas.<\/p>\n","protected":false},"excerpt":{"rendered":"<p>Por Florencia Mainardi Los mi\u00e9rcoles siempre fueron mi d\u00eda preferido de la semana. Nunca supe bien por qu\u00e9. Creo que es porque est\u00e1n en la mitad. En el medio. Ya paso lo peor que es el lunes y ya se acerca el jueves y despu\u00e9s el viernes y despu\u00e9s el s\u00e1bado.<\/p>\n","protected":false},"author":19,"featured_media":0,"comment_status":"open","ping_status":"closed","sticky":false,"template":"","format":"standard","meta":{"footnotes":""},"categories":[4],"tags":[],"_links":{"self":[{"href":"https:\/\/redaccion1.fcpolit.unr.edu.ar\/comision-liberatore\/wp-json\/wp\/v2\/posts\/206"}],"collection":[{"href":"https:\/\/redaccion1.fcpolit.unr.edu.ar\/comision-liberatore\/wp-json\/wp\/v2\/posts"}],"about":[{"href":"https:\/\/redaccion1.fcpolit.unr.edu.ar\/comision-liberatore\/wp-json\/wp\/v2\/types\/post"}],"author":[{"embeddable":true,"href":"https:\/\/redaccion1.fcpolit.unr.edu.ar\/comision-liberatore\/wp-json\/wp\/v2\/users\/19"}],"replies":[{"embeddable":true,"href":"https:\/\/redaccion1.fcpolit.unr.edu.ar\/comision-liberatore\/wp-json\/wp\/v2\/comments?post=206"}],"version-history":[{"count":0,"href":"https:\/\/redaccion1.fcpolit.unr.edu.ar\/comision-liberatore\/wp-json\/wp\/v2\/posts\/206\/revisions"}],"wp:attachment":[{"href":"https:\/\/redaccion1.fcpolit.unr.edu.ar\/comision-liberatore\/wp-json\/wp\/v2\/media?parent=206"}],"wp:term":[{"taxonomy":"category","embeddable":true,"href":"https:\/\/redaccion1.fcpolit.unr.edu.ar\/comision-liberatore\/wp-json\/wp\/v2\/categories?post=206"},{"taxonomy":"post_tag","embeddable":true,"href":"https:\/\/redaccion1.fcpolit.unr.edu.ar\/comision-liberatore\/wp-json\/wp\/v2\/tags?post=206"}],"curies":[{"name":"wp","href":"https:\/\/api.w.org\/{rel}","templated":true}]}}