{"id":2021,"date":"2020-06-19T20:10:02","date_gmt":"2020-06-19T20:10:02","guid":{"rendered":"http:\/\/fcpolit.unr.edu.ar\/blogs\/redaccion1-liberatore\/?p=2021"},"modified":"2020-06-19T20:10:02","modified_gmt":"2020-06-19T20:10:02","slug":"resumen-clase-17-6-17hs","status":"publish","type":"post","link":"https:\/\/redaccion1.fcpolit.unr.edu.ar\/comision-liberatore\/2020\/06\/19\/resumen-clase-17-6-17hs\/","title":{"rendered":"Resumen clase 17\/6 17hs"},"content":{"rendered":"<p>Comenzamos la clase sin la presencia de Ana, pero igualmente seguimos la modalidad<br \/>\nde todas las clases: arrancar con el taller de lectura. Nuestras lecturas en general variaron<br \/>\ndesde noticias hasta textos acad\u00e9micos tanto de Redacci\u00f3n como de otras materias.<\/p>\n<p><!--more--><br \/>\nTerminado el taller de lectura, nos enfocamos en saldar dudas sobre los trabajos<br \/>\npr\u00e1cticos integradores, m\u00e1s espec\u00edficamente en el TPI 2, donde nos detuvimos a analizar<br \/>\npunto por punto el proceso de escritura teniendo en cuenta m\u00e1s que nada el objetivo del<br \/>\ntrabajo general: \u00a0reflexionar sobre lo que el lector hace para comprender un texto, e<br \/>\nincorporarlo como estrategia de redacci\u00f3n.<\/p>\n<p>Adem\u00e1s se hizo menci\u00f3n de la posibilidad de consultar cualquier duda que tengamos al<br \/>\nmail de la profe: ana.comunicacion09@gmail.com<\/p>\n<p><strong>Fechas importantes que se vienen:<\/strong><\/p>\n<p><strong>\uf0a7 24 de Junio: d\u00eda limite para entregar el TPI 2.<\/strong><br \/>\n<strong>\uf0a7 6 de Julio: Parcial<\/strong><\/p>\n<p><strong>Para realizar uno de los puntos del Trabajo Integrador y tambi\u00e9n como lectura para la pr\u00f3xima clase, les dejamos <\/strong><a href=\"https:\/\/drive.google.com\/file\/d\/1fq23psOcnYlfPRRWrLovcMssnIab-oMO\/view\"><strong>este texto.<\/strong> <\/a><\/p>\n<p>Intentemos leer y comprender todos los textos que tenemos hasta ahora para poder reflejar nuestro aprendizaje tanto pr\u00e1ctico como te\u00f3rico en los distintos trabajos de este camino.<\/p>\n<p><em>Por Amparo Cetta<\/em><\/p>\n","protected":false},"excerpt":{"rendered":"<p>Comenzamos la clase sin la presencia de Ana, pero igualmente seguimos la modalidad de todas las clases: arrancar con el taller de lectura. Nuestras lecturas en general variaron desde noticias hasta textos acad\u00e9micos tanto de Redacci\u00f3n como de otras materias.<\/p>\n","protected":false},"author":25,"featured_media":0,"comment_status":"open","ping_status":"open","sticky":false,"template":"","format":"standard","meta":{"footnotes":""},"categories":[1],"tags":[],"_links":{"self":[{"href":"https:\/\/redaccion1.fcpolit.unr.edu.ar\/comision-liberatore\/wp-json\/wp\/v2\/posts\/2021"}],"collection":[{"href":"https:\/\/redaccion1.fcpolit.unr.edu.ar\/comision-liberatore\/wp-json\/wp\/v2\/posts"}],"about":[{"href":"https:\/\/redaccion1.fcpolit.unr.edu.ar\/comision-liberatore\/wp-json\/wp\/v2\/types\/post"}],"author":[{"embeddable":true,"href":"https:\/\/redaccion1.fcpolit.unr.edu.ar\/comision-liberatore\/wp-json\/wp\/v2\/users\/25"}],"replies":[{"embeddable":true,"href":"https:\/\/redaccion1.fcpolit.unr.edu.ar\/comision-liberatore\/wp-json\/wp\/v2\/comments?post=2021"}],"version-history":[{"count":0,"href":"https:\/\/redaccion1.fcpolit.unr.edu.ar\/comision-liberatore\/wp-json\/wp\/v2\/posts\/2021\/revisions"}],"wp:attachment":[{"href":"https:\/\/redaccion1.fcpolit.unr.edu.ar\/comision-liberatore\/wp-json\/wp\/v2\/media?parent=2021"}],"wp:term":[{"taxonomy":"category","embeddable":true,"href":"https:\/\/redaccion1.fcpolit.unr.edu.ar\/comision-liberatore\/wp-json\/wp\/v2\/categories?post=2021"},{"taxonomy":"post_tag","embeddable":true,"href":"https:\/\/redaccion1.fcpolit.unr.edu.ar\/comision-liberatore\/wp-json\/wp\/v2\/tags?post=2021"}],"curies":[{"name":"wp","href":"https:\/\/api.w.org\/{rel}","templated":true}]}}