{"id":2014,"date":"2020-06-13T21:39:33","date_gmt":"2020-06-13T21:39:33","guid":{"rendered":"http:\/\/fcpolit.unr.edu.ar\/blogs\/redaccion1-liberatore\/?p=2014"},"modified":"2020-06-13T21:39:33","modified_gmt":"2020-06-13T21:39:33","slug":"resumen-clase-9-6-17hs","status":"publish","type":"post","link":"https:\/\/redaccion1.fcpolit.unr.edu.ar\/comision-liberatore\/2020\/06\/13\/resumen-clase-9-6-17hs\/","title":{"rendered":"Resumen clase 9\/6 17hs"},"content":{"rendered":"<p><em>Por Flavio Patricio Aranda<\/em><\/p>\n<p>Una vez m\u00e1s, realizamos en el primer tramo de la jornada la exposici\u00f3n y reflexi\u00f3n de las lecturas que cada uno realiz\u00f3 durante la semana. Le dimos continuidad a nuestro lugar dentro del mundo del lector y continuamos analizando cu\u00e1les son los actos de habla en cada texto que consumimos.<\/p>\n<p><!--more--><br \/>\nTras la lectura de \u00abEl lector modelo\u00bb de Umberto Eco, comenzamos a estudiar los conceptos de lector emp\u00edrico y lector modelo que el autor propone. Adem\u00e1s, nos referimos por primera vez a la definici\u00f3n de contrato de lectura de Eliseo Ver\u00f3n, algo que, como marc\u00f3 la profesora, tenemos que tener presente en la comunicaci\u00f3n.<\/p>\n<p>Recordemos que estudiar los componentes del mundo del lector y tener presente cada uno de ellos nos permitir\u00e1 contar con importantes elementos a la hora de realizar una escritura. \u00a1Reflexionar sobre los lectores nos nutre como escritores!<\/p>\n<p>Seguimos avanzando, nos vamos acercando al final de la Unidad 2 y\u2026 \u00a1Cada vez falta menos para el primer parcial del a\u00f1o! (Programado para el 6 de julio).<\/p>\n<p>Mientras tanto, se pone en marcha la realizaci\u00f3n del Trabajo Integrador N\u00ba 2: Escribir para el lector hasta el 24 de junio.<\/p>\n<p>Antes de producirlo, se recomienda la lectura \u00ab<a href=\"https:\/\/drive.google.com\/file\/d\/1SEJeCabDtrUJq-0L1L24nb-9GXwRNsK2\/view\">Afilar el lapicero<\/a>\u00bb de Daniel Cassany (2007).<\/p>\n<p>El mi\u00e9rcoles venidero vamos a repasar conceptos, teor\u00edas y podremos hacer consultas de la unidad para despejar dudas frente al trabajo integrador.<br \/>\n\u00a1A darle para adelante y a participar activamente del taller de lectura el pr\u00f3ximo encuentro!<\/p>\n<p>Lecturas obligatorias para el mi\u00e9rcoles 17\/6:<\/p>\n<p>\uf0b7 \u00abLa comprensi\u00f3n como proceso en Producci\u00f3n de textos\u00bb. Mabel Marro y Amalia Dellamea (1993)<br \/>\n\uf0b7 \u00ab<a href=\"https:\/\/drive.google.com\/file\/d\/1wGZaRlZxDouz2x61r8AqAggSeV3zQ4cz\/view\">La producci\u00f3n de la socialidad en el marco de la cultura de la colectividad<\/a>\u00bb. Jos\u00e9 Van Dijck de su libro \u00abLa cultura de la conectividad\u00bb (2016)<br \/>\n\uf0b7 \u00ab<a href=\"https:\/\/drive.google.com\/file\/d\/15YIxNHP87nS6tszE59TyIFwsPMcntZ9u\/view\">El filtro burbuja: c\u00f3mo la web decide lo que leemos y lo que pensamo<\/a>s\u00bb. Eli Pariser<br \/>\n(2017)<\/p>\n","protected":false},"excerpt":{"rendered":"<p>Por Flavio Patricio Aranda Una vez m\u00e1s, realizamos en el primer tramo de la jornada la exposici\u00f3n y reflexi\u00f3n de las lecturas que cada uno realiz\u00f3 durante la semana. Le dimos continuidad a nuestro lugar dentro del mundo del lector y continuamos analizando cu\u00e1les son los actos de habla en cada texto que consumimos.<\/p>\n","protected":false},"author":25,"featured_media":0,"comment_status":"open","ping_status":"open","sticky":false,"template":"","format":"standard","meta":{"footnotes":""},"categories":[1],"tags":[],"_links":{"self":[{"href":"https:\/\/redaccion1.fcpolit.unr.edu.ar\/comision-liberatore\/wp-json\/wp\/v2\/posts\/2014"}],"collection":[{"href":"https:\/\/redaccion1.fcpolit.unr.edu.ar\/comision-liberatore\/wp-json\/wp\/v2\/posts"}],"about":[{"href":"https:\/\/redaccion1.fcpolit.unr.edu.ar\/comision-liberatore\/wp-json\/wp\/v2\/types\/post"}],"author":[{"embeddable":true,"href":"https:\/\/redaccion1.fcpolit.unr.edu.ar\/comision-liberatore\/wp-json\/wp\/v2\/users\/25"}],"replies":[{"embeddable":true,"href":"https:\/\/redaccion1.fcpolit.unr.edu.ar\/comision-liberatore\/wp-json\/wp\/v2\/comments?post=2014"}],"version-history":[{"count":0,"href":"https:\/\/redaccion1.fcpolit.unr.edu.ar\/comision-liberatore\/wp-json\/wp\/v2\/posts\/2014\/revisions"}],"wp:attachment":[{"href":"https:\/\/redaccion1.fcpolit.unr.edu.ar\/comision-liberatore\/wp-json\/wp\/v2\/media?parent=2014"}],"wp:term":[{"taxonomy":"category","embeddable":true,"href":"https:\/\/redaccion1.fcpolit.unr.edu.ar\/comision-liberatore\/wp-json\/wp\/v2\/categories?post=2014"},{"taxonomy":"post_tag","embeddable":true,"href":"https:\/\/redaccion1.fcpolit.unr.edu.ar\/comision-liberatore\/wp-json\/wp\/v2\/tags?post=2014"}],"curies":[{"name":"wp","href":"https:\/\/api.w.org\/{rel}","templated":true}]}}