{"id":1989,"date":"2020-05-23T00:50:54","date_gmt":"2020-05-23T00:50:54","guid":{"rendered":"http:\/\/fcpolit.unr.edu.ar\/blogs\/redaccion1-liberatore\/?p=1989"},"modified":"2020-05-23T00:50:54","modified_gmt":"2020-05-23T00:50:54","slug":"resumen-clase-20-de-mayo","status":"publish","type":"post","link":"https:\/\/redaccion1.fcpolit.unr.edu.ar\/comision-liberatore\/2020\/05\/23\/resumen-clase-20-de-mayo\/","title":{"rendered":"Resumen clase 20 de Mayo."},"content":{"rendered":"<p>\u00a1Otro mi\u00e9rcoles nos encontr\u00f3 en acci\u00f3n! \u00bfC\u00f3mo est\u00e1n? Iniciamos la clase del 20 de mayo con nuestro taller de lectura. Espacio fundamental para nuestra labor como comunicadores. \u00a1Esperamos m\u00e1s comentarios sobre lecturas para el mi\u00e9rcoles siguiente!<!--more--><\/p>\n<p>Luego de algunas consultas sobre el trabajo pr\u00e1ctico, comenzamos a trabajar con los textos programados para ese d\u00eda. Vimos fuente de informaci\u00f3n desde los autores Fontcuberta y\u00a0 Rodr\u00edguez y Actos de Habla desde Austin. Estos textos fueron los \u00faltimos de la primera unidad que dimos por cerrada en esta clase. A continuaci\u00f3n les compartimos las consignas del trabajo Pr\u00e1ctico N\u00b0 3.<\/p>\n<p>Unidad 1- Actividad N\u00b03<\/p>\n<p>Esta producci\u00f3n de escritura tiene como objetivo ejercitar la propuesta te\u00f3rica de John Austin y revisar conceptos y caracter\u00edsticas acerca de fuentes de informaci\u00f3n.<\/p>\n<ul>\n<li>A partir del texto \u201cEl valor de la informaci\u00f3n\u201d de Fontcuberta reconoc\u00e9 y marc\u00e1 las siguientes ideas:<\/li>\n<li>\u00bfQu\u00e9 t\u00edtulo alternativo puede dar cuenta del mismo macroacto de habla? \u00bfCu\u00e1les son las \u201cpistas\u201d que te permiten reconocerlo?<\/li>\n<li>Macroacto de habla (no siempre est\u00e1 escrito).<\/li>\n<li>Traslad\u00e1 al menos 3 p\u00e1rrafos e identific\u00e1 diferentes microactos de habla.<\/li>\n<\/ul>\n<p>Deben enviarlo al correo de la profesora, recuerden que tienen tiempo hasta el mi\u00e9rcoles que viene.<\/p>\n<p>La clase que viene daremos inicio a la segunda unidad del programa. Para ello deber\u00e1n leer del libro de Daniel Cassany \u201cTras las l\u00edneas. Sobre la lectura contempor\u00e1nea\u201d (2006) el cap\u00edtulo<a href=\"https:\/\/drive.google.com\/file\/d\/1w-Ai8nouvktOkZXyoFj18sWiMjDx0QcL\/view\"> Leer desde la comunidad.<\/a> Con este texto veremos la producci\u00f3n de sentido que se materializa en el proceso de leer. Adem\u00e1s, estudiaremos\u00a0<a href=\"https:\/\/drive.google.com\/file\/d\/1TexRMThPbtmXkkk8sY6gNpI5ly56NFi1\/view?usp=sharing\">\u201cEl proceso de lectura, una actividad con facetas diversas\u201d<\/a>, sobre el que Claudia Mazza escribi\u00f3 en \u201cManual de lecturas y escritura universitarias\u201d (2005).<\/p>\n<p>Adelante, \u00a1vamos por buen camino! Los esperamos el mi\u00e9rcoles pr\u00f3ximo.<\/p>\n","protected":false},"excerpt":{"rendered":"<p>\u00a1Otro mi\u00e9rcoles nos encontr\u00f3 en acci\u00f3n! \u00bfC\u00f3mo est\u00e1n? Iniciamos la clase del 20 de mayo con nuestro taller de lectura. Espacio fundamental para nuestra labor como comunicadores. \u00a1Esperamos m\u00e1s comentarios sobre lecturas para el mi\u00e9rcoles siguiente!<\/p>\n","protected":false},"author":26,"featured_media":0,"comment_status":"open","ping_status":"open","sticky":false,"template":"","format":"standard","meta":{"footnotes":""},"categories":[1],"tags":[],"_links":{"self":[{"href":"https:\/\/redaccion1.fcpolit.unr.edu.ar\/comision-liberatore\/wp-json\/wp\/v2\/posts\/1989"}],"collection":[{"href":"https:\/\/redaccion1.fcpolit.unr.edu.ar\/comision-liberatore\/wp-json\/wp\/v2\/posts"}],"about":[{"href":"https:\/\/redaccion1.fcpolit.unr.edu.ar\/comision-liberatore\/wp-json\/wp\/v2\/types\/post"}],"author":[{"embeddable":true,"href":"https:\/\/redaccion1.fcpolit.unr.edu.ar\/comision-liberatore\/wp-json\/wp\/v2\/users\/26"}],"replies":[{"embeddable":true,"href":"https:\/\/redaccion1.fcpolit.unr.edu.ar\/comision-liberatore\/wp-json\/wp\/v2\/comments?post=1989"}],"version-history":[{"count":0,"href":"https:\/\/redaccion1.fcpolit.unr.edu.ar\/comision-liberatore\/wp-json\/wp\/v2\/posts\/1989\/revisions"}],"wp:attachment":[{"href":"https:\/\/redaccion1.fcpolit.unr.edu.ar\/comision-liberatore\/wp-json\/wp\/v2\/media?parent=1989"}],"wp:term":[{"taxonomy":"category","embeddable":true,"href":"https:\/\/redaccion1.fcpolit.unr.edu.ar\/comision-liberatore\/wp-json\/wp\/v2\/categories?post=1989"},{"taxonomy":"post_tag","embeddable":true,"href":"https:\/\/redaccion1.fcpolit.unr.edu.ar\/comision-liberatore\/wp-json\/wp\/v2\/tags?post=1989"}],"curies":[{"name":"wp","href":"https:\/\/api.w.org\/{rel}","templated":true}]}}