{"id":1985,"date":"2020-05-17T14:33:41","date_gmt":"2020-05-17T14:33:41","guid":{"rendered":"http:\/\/fcpolit.unr.edu.ar\/blogs\/redaccion1-liberatore\/?p=1985"},"modified":"2020-05-17T14:33:41","modified_gmt":"2020-05-17T14:33:41","slug":"resumen-clase-miercoles-13-5","status":"publish","type":"post","link":"https:\/\/redaccion1.fcpolit.unr.edu.ar\/comision-liberatore\/2020\/05\/17\/resumen-clase-miercoles-13-5\/","title":{"rendered":"Resumen clase mi\u00e9rcoles 13-5"},"content":{"rendered":"<p>Como cada mi\u00e9rcoles, nos dimos el espacio para compartir algo acerca de las lecturas realizadas durante la semana. Quienes se animaron a hablar contaron algo acerca de sus diferentes recorridos literarios, acad\u00e9micos, entrevistas, cruces entre narrativa audiovisual e informaci\u00f3n complementaria, etc.<\/p>\n<p>Muchos nos comentaron que se est\u00e1n poniendo al d\u00eda con las lecturas de la facultad&#8230;a no aflojar y recuerden que de estos textos tambi\u00e9n podemos dialogar en el espacio del taller!<\/p>\n<p><!--more--><\/p>\n<p>En un segundo momento de la clase nos dedicamos a conversar acerca de los temas elegidos e ideas para realizar el primer trabajo pr\u00e1ctico integrador.<\/p>\n<p><strong>Algunas sugerencias en este sentido:<\/strong><\/p>\n<ul>\n<li>Dediquen un buen tiempo a la generaci\u00f3n de ideas, es un momento importante del proceso de escritura!<\/li>\n<li>Agrupen las ideas seg\u00fan temas o subtemas dentro del tema general, de acuerdo a la afinidad tem\u00e1tica.<\/li>\n<li>Recuerden que necesitamos delimitar el tema espacial y temporalmente para poder abordarlo en un texto coherente.<\/li>\n<li>Si el tema que nos interesa es muy general, intentemos pensar algunos aspectos de manera m\u00e1s local.<\/li>\n<li>Pensemos qu\u00e9 fuentes de informaci\u00f3n tenemos a nuestro alcance. Utilicemos datos para hablar del tema. Podemos realizar entrevistas o algunos cuestionarios para relevar informaci\u00f3n y opiniones.<\/li>\n<\/ul>\n<p>La fecha de entrega de este trabajo es el mi\u00e9rcoles 27\/5. Las condiciones de entregas fueron publicadas previamente, chequeen los res\u00famenes anteriores.<\/p>\n<p>\u00a1Hasta el d\u00eda 27 recibimos consultas!<\/p>\n<p>Para la pr\u00f3xima semana vamos a trabajar fuentes de informaci\u00f3n (<a href=\"https:\/\/drive.google.com\/file\/d\/117KL6KksoBB9lLkxm4zI4HiLk-l2bqox\/view\">Fontcuberta<\/a> y <a href=\"https:\/\/drive.google.com\/file\/d\/1AZZDdkVCSBlk2igEpmpRm_pswKmtYVNU\/view\">Rodr\u00edguez<\/a>) y <a href=\"https:\/\/drive.google.com\/file\/d\/1IVZRBA5qDfMd50r7rmWOVs7xRksX1QJp\/view\">actos de habla<\/a> de Austin. \u00a1Traigan estos textos bien le\u00eddos!<\/p>\n<p>Estamos en contacto y a seguimos adelante!<\/p>\n<p>Saludos!<\/p>\n","protected":false},"excerpt":{"rendered":"<p>Como cada mi\u00e9rcoles, nos dimos el espacio para compartir algo acerca de las lecturas realizadas durante la semana. Quienes se animaron a hablar contaron algo acerca de sus diferentes recorridos literarios, acad\u00e9micos, entrevistas, cruces entre narrativa audiovisual e informaci\u00f3n complementaria, etc. Muchos nos comentaron que se est\u00e1n poniendo al d\u00eda con las lecturas de la [&hellip;]<\/p>\n","protected":false},"author":25,"featured_media":0,"comment_status":"open","ping_status":"open","sticky":false,"template":"","format":"standard","meta":{"footnotes":""},"categories":[1],"tags":[],"_links":{"self":[{"href":"https:\/\/redaccion1.fcpolit.unr.edu.ar\/comision-liberatore\/wp-json\/wp\/v2\/posts\/1985"}],"collection":[{"href":"https:\/\/redaccion1.fcpolit.unr.edu.ar\/comision-liberatore\/wp-json\/wp\/v2\/posts"}],"about":[{"href":"https:\/\/redaccion1.fcpolit.unr.edu.ar\/comision-liberatore\/wp-json\/wp\/v2\/types\/post"}],"author":[{"embeddable":true,"href":"https:\/\/redaccion1.fcpolit.unr.edu.ar\/comision-liberatore\/wp-json\/wp\/v2\/users\/25"}],"replies":[{"embeddable":true,"href":"https:\/\/redaccion1.fcpolit.unr.edu.ar\/comision-liberatore\/wp-json\/wp\/v2\/comments?post=1985"}],"version-history":[{"count":0,"href":"https:\/\/redaccion1.fcpolit.unr.edu.ar\/comision-liberatore\/wp-json\/wp\/v2\/posts\/1985\/revisions"}],"wp:attachment":[{"href":"https:\/\/redaccion1.fcpolit.unr.edu.ar\/comision-liberatore\/wp-json\/wp\/v2\/media?parent=1985"}],"wp:term":[{"taxonomy":"category","embeddable":true,"href":"https:\/\/redaccion1.fcpolit.unr.edu.ar\/comision-liberatore\/wp-json\/wp\/v2\/categories?post=1985"},{"taxonomy":"post_tag","embeddable":true,"href":"https:\/\/redaccion1.fcpolit.unr.edu.ar\/comision-liberatore\/wp-json\/wp\/v2\/tags?post=1985"}],"curies":[{"name":"wp","href":"https:\/\/api.w.org\/{rel}","templated":true}]}}