{"id":198,"date":"2010-08-22T12:52:56","date_gmt":"2010-08-22T12:52:56","guid":{"rendered":"http:\/\/fcpolit.unr.edu.ar\/blogs\/redaccion1-liberatore\/2010\/08\/22\/mientras-tanto-4\/"},"modified":"2010-08-22T12:52:56","modified_gmt":"2010-08-22T12:52:56","slug":"mientras-tanto-4","status":"publish","type":"post","link":"https:\/\/redaccion1.fcpolit.unr.edu.ar\/comision-liberatore\/2010\/08\/22\/mientras-tanto-4\/","title":{"rendered":"Mientras tanto&#8230;&#8230;"},"content":{"rendered":"<p>Por Facundo Gonzalez.<br \/>\nSiete. Esa es la cantidad de semanas en las que no asist\u00ed a la facultad. En realidad, no asist\u00ed a clases, ya que fui varias veces pero por otros motivos. Vacaciones y luego, paro docente. Motivos de esta larga inactividad. Recordar qu\u00e9 hice todos los mi\u00e9rcoles que no tuve clase de Redacci\u00f3n, es casi imposible. Creo que el primero, fui al cine. El origen, la pel\u00edcula, nos reuni\u00f3 con amigos en ese lugar. Despu\u00e9s, no habr\u00e1n sido muy relevantes las tareas realizadas (aqu\u00ed ir\u00edan las risas), porque no las recuerdo.<\/p>\n<p><!--more--><br \/>\nPero, el pen\u00faltimo mi\u00e9rcoles sin clases (eso creo, si no hay nuevos cambios) fue realmente at\u00edpico. Cerca de las 19.30 horas, momento en que comienza Redacci\u00f3n, me encontraba caminando, bajo la lluvia, por Avenida Corrientes. Si, la de Buenos Aires. Luego de 13 a\u00f1os pis\u00e9 nuevamente la ciudad capital del pa\u00eds. La \u00faltima vez hab\u00eda sido un viaje rel\u00e1mpago para conocer, junto a mis compa\u00f1eros de 5\u00ba grado, los sitios m\u00e1s caracter\u00edsticos de la Capital Federal. Pero, esa experiencia casi ni contaba para m\u00ed. Quer\u00eda, desde hace meses, visitar la ciudad, conocerla, caminarla\u2026<br \/>\n\u00a1Y vaya que lo hice! Desde las 15 horas hasta las 22, caminando de aqu\u00ed para all\u00e1. 9 de Julio, Av. del Libertador, el Obelisco, los teatros, bares. La lista incluye algunos lugares m\u00e1s, pero no vienen al caso. Lo importante, para m\u00ed, era el hecho, simplemente, de estar all\u00ed. Por lo menos, esto es lo que me pasa cuando estoy de visita. Se respira otro aire, se corre a otro ritmo. Esa sensaci\u00f3n que aparece cuando el lugar no es cotidiano.<br \/>\nHabr\u00eda sido c\u00f3mica una fotograf\u00eda de mi cara ese momento. Ten\u00eda la sonrisa pintada. Todas las condiciones se presentaban para que lo disfrutase; as\u00ed lo hice. Seguramente, la experiencia id\u00e9ntica, no se repita jam\u00e1s. Pero el recuerdo es imborrable.<br \/>\nSiete. Esas fueron las horas que camin\u00e9 Baires.<\/p>\n","protected":false},"excerpt":{"rendered":"<p>Por Facundo Gonzalez. Siete. Esa es la cantidad de semanas en las que no asist\u00ed a la facultad. En realidad, no asist\u00ed a clases, ya que fui varias veces pero por otros motivos. Vacaciones y luego, paro docente. Motivos de esta larga inactividad. Recordar qu\u00e9 hice todos los mi\u00e9rcoles que no tuve clase de Redacci\u00f3n, [&hellip;]<\/p>\n","protected":false},"author":19,"featured_media":0,"comment_status":"open","ping_status":"closed","sticky":false,"template":"","format":"standard","meta":{"footnotes":""},"categories":[4],"tags":[],"_links":{"self":[{"href":"https:\/\/redaccion1.fcpolit.unr.edu.ar\/comision-liberatore\/wp-json\/wp\/v2\/posts\/198"}],"collection":[{"href":"https:\/\/redaccion1.fcpolit.unr.edu.ar\/comision-liberatore\/wp-json\/wp\/v2\/posts"}],"about":[{"href":"https:\/\/redaccion1.fcpolit.unr.edu.ar\/comision-liberatore\/wp-json\/wp\/v2\/types\/post"}],"author":[{"embeddable":true,"href":"https:\/\/redaccion1.fcpolit.unr.edu.ar\/comision-liberatore\/wp-json\/wp\/v2\/users\/19"}],"replies":[{"embeddable":true,"href":"https:\/\/redaccion1.fcpolit.unr.edu.ar\/comision-liberatore\/wp-json\/wp\/v2\/comments?post=198"}],"version-history":[{"count":0,"href":"https:\/\/redaccion1.fcpolit.unr.edu.ar\/comision-liberatore\/wp-json\/wp\/v2\/posts\/198\/revisions"}],"wp:attachment":[{"href":"https:\/\/redaccion1.fcpolit.unr.edu.ar\/comision-liberatore\/wp-json\/wp\/v2\/media?parent=198"}],"wp:term":[{"taxonomy":"category","embeddable":true,"href":"https:\/\/redaccion1.fcpolit.unr.edu.ar\/comision-liberatore\/wp-json\/wp\/v2\/categories?post=198"},{"taxonomy":"post_tag","embeddable":true,"href":"https:\/\/redaccion1.fcpolit.unr.edu.ar\/comision-liberatore\/wp-json\/wp\/v2\/tags?post=198"}],"curies":[{"name":"wp","href":"https:\/\/api.w.org\/{rel}","templated":true}]}}