{"id":197,"date":"2010-08-20T11:30:17","date_gmt":"2010-08-20T11:30:17","guid":{"rendered":"http:\/\/fcpolit.unr.edu.ar\/blogs\/redaccion1-liberatore\/2010\/08\/20\/mientras-tanto-3\/"},"modified":"2010-08-20T11:30:17","modified_gmt":"2010-08-20T11:30:17","slug":"mientras-tanto-3","status":"publish","type":"post","link":"https:\/\/redaccion1.fcpolit.unr.edu.ar\/comision-liberatore\/2010\/08\/20\/mientras-tanto-3\/","title":{"rendered":"Mientras tanto&#8230;&#8230;"},"content":{"rendered":"<p>Por Agustina Lopez<br \/>\nMe despierto el mi\u00e9rcoles pensando&#8230; &#8220;Si sigue habiendo paros y vacaciones largas, mis viejos van a suponer que es mentira que estoy estudiando dos carreras al mismo tiempo&#8221;. Y como era de esperarse, miro el reloj&#8230; \u00a12 de la tarde! Sin hacer demasiado ruido, voy al ba\u00f1o, salgo con cara de bella durmiente y me dirijo a la cocina para preparar mi almuerzo a destiempo. Mi mam\u00e1 siempre aparece milagrosamente cuando yo m\u00e1s quiero pasar desapercibida y me recuerda que tengo dieciocho a\u00f1os, que ya soy grande, que no son horas de levantarme, que tengo que ir a Arte Floral y que siempre llego tarde a todos lados (lo cual nunca puedo discutirle, porque tiene raz\u00f3n en todo).<\/p>\n<p><!--more--><br \/>\nUnas milanesas, un poco de jugo de naranja, me pint\u00e9 las u\u00f1as y mi mam\u00e1 me llev\u00f3 hasta la florer\u00eda donde aprendo Arte Floral los mi\u00e9rcoles por la tarde cuando no curso en la facultad. Llegu\u00e9 un poco tarde como de costumbre, pero la profesora de tan maravilloso curso resulta ser mi abuela as\u00ed que no tuvo problemas en mirarme con cara de &#8220;te conozco&#8221; y continuar con la clase, haci\u00e9ndome se\u00f1as de que me ubique en una silla cerca de ella.<br \/>\nDos horas que se hacen un poco largas cuando uno tiene la cabeza en otro lado. Entre los p\u00e9talos de las margaritas, los tallos de las gerveras, el verde de la hortensia, la hoja rugosa y el oasis vegetal se me hicieron las seis de la tarde y me fui a tomar un caf\u00e9 azucarad\u00edsimo con mi abuelo a la cocina que est\u00e1 detr\u00e1s de la florer\u00eda.<br \/>\nComo todos los d\u00edas a horarios inesperados, me lleg\u00f3 un mensaje de Jere pidi\u00e9ndome que le lleve yerba a la casa. Esto de que se vayan a vivir solos a edades tempranas hace que necesiten las 24 horas del d\u00eda a una amiga que les vaya a lavar los platos, hacer los mandados y preparar tortas de vez en cuando. Pero no me molesta en lo m\u00e1s m\u00ednimo as\u00ed que pas\u00e9 por una granja, y confieso que es la primera vez en mi vida que compro yerba, as\u00ed que opte por una Nobleza Gaucha que parec\u00eda m\u00e1s barata que la Taragu\u00ed.<br \/>\nAl llegar al departamento de Jere, todos los dem\u00e1s estaban sentados en ronda con una guitarra y un mate con yerba de hace dos d\u00edas. Me vi obligada a poner mi yerba en acci\u00f3n y armar un nuevo mate. Nos quedamos ah\u00ed haciendo nada que es lo que mejor nos sale hacer. Escuchando un poco de Sabina, jugando al truco, ri\u00e9ndonos de nosotros mismos y organizando viajes que seguramente nunca haremos en la vida, nos agarr\u00f3 la hora de la cena y hambre.<br \/>\n&#8220;Creo que tengo unos fideos en la alacena de la izquierda, fijate si est\u00e1n vencidos&#8221; Grit\u00f3 Jere a Fede mientras el otro revolv\u00eda la heladera con af\u00e1n. &#8220;Pero no s\u00e9 si las chicas sabr\u00e1n hacer fideos.&#8221; le dijo Fede a Jere como invit\u00e1ndonos a cocinar. Por suerte Flor se me adelant\u00f3 y lo \u00fanico que tuve que hacer fue esperar a que me llamen a comer despu\u00e9s de un largo rato. El resto se qued\u00f3 cantando y tocando la guitarra a unos metros del sector &#8220;Chefs&#8221;.<br \/>\nFinalmente salieron m\u00e1s ricos de lo esperado, comimos tarde, discutimos por qu\u00e9 programa ver como cualquier familia a la hora de cenar, re\u00edmos mucho y las horas pasaron de prisa entre fideos y risas.<\/p>\n","protected":false},"excerpt":{"rendered":"<p>Por Agustina Lopez Me despierto el mi\u00e9rcoles pensando&#8230; &#8220;Si sigue habiendo paros y vacaciones largas, mis viejos van a suponer que es mentira que estoy estudiando dos carreras al mismo tiempo&#8221;. Y como era de esperarse, miro el reloj&#8230; \u00a12 de la tarde! Sin hacer demasiado ruido, voy al ba\u00f1o, salgo con cara de bella [&hellip;]<\/p>\n","protected":false},"author":19,"featured_media":0,"comment_status":"open","ping_status":"closed","sticky":false,"template":"","format":"standard","meta":{"footnotes":""},"categories":[4],"tags":[],"_links":{"self":[{"href":"https:\/\/redaccion1.fcpolit.unr.edu.ar\/comision-liberatore\/wp-json\/wp\/v2\/posts\/197"}],"collection":[{"href":"https:\/\/redaccion1.fcpolit.unr.edu.ar\/comision-liberatore\/wp-json\/wp\/v2\/posts"}],"about":[{"href":"https:\/\/redaccion1.fcpolit.unr.edu.ar\/comision-liberatore\/wp-json\/wp\/v2\/types\/post"}],"author":[{"embeddable":true,"href":"https:\/\/redaccion1.fcpolit.unr.edu.ar\/comision-liberatore\/wp-json\/wp\/v2\/users\/19"}],"replies":[{"embeddable":true,"href":"https:\/\/redaccion1.fcpolit.unr.edu.ar\/comision-liberatore\/wp-json\/wp\/v2\/comments?post=197"}],"version-history":[{"count":0,"href":"https:\/\/redaccion1.fcpolit.unr.edu.ar\/comision-liberatore\/wp-json\/wp\/v2\/posts\/197\/revisions"}],"wp:attachment":[{"href":"https:\/\/redaccion1.fcpolit.unr.edu.ar\/comision-liberatore\/wp-json\/wp\/v2\/media?parent=197"}],"wp:term":[{"taxonomy":"category","embeddable":true,"href":"https:\/\/redaccion1.fcpolit.unr.edu.ar\/comision-liberatore\/wp-json\/wp\/v2\/categories?post=197"},{"taxonomy":"post_tag","embeddable":true,"href":"https:\/\/redaccion1.fcpolit.unr.edu.ar\/comision-liberatore\/wp-json\/wp\/v2\/tags?post=197"}],"curies":[{"name":"wp","href":"https:\/\/api.w.org\/{rel}","templated":true}]}}