{"id":194,"date":"2010-08-13T11:05:15","date_gmt":"2010-08-13T11:05:15","guid":{"rendered":"http:\/\/fcpolit.unr.edu.ar\/blogs\/redaccion1-liberatore\/2010\/08\/13\/mientras-tanto\/"},"modified":"2010-08-13T11:05:15","modified_gmt":"2010-08-13T11:05:15","slug":"mientras-tanto","status":"publish","type":"post","link":"https:\/\/redaccion1.fcpolit.unr.edu.ar\/comision-liberatore\/2010\/08\/13\/mientras-tanto\/","title":{"rendered":"Mientras tanto&#8230;&#8230;&#8230;"},"content":{"rendered":"<p><img loading=\"lazy\" decoding=\"async\" alt=\"esperando.jpg\" src=\"http:\/\/www.bdp.org.ar\/facultad\/catedras\/comsoc\/redaccion1\/liberatore\/esperando.jpg\" width=\"75\" height=\"75\" hspace=\"20\" align=\"right\" \/>\u00a1Querid\u00edsimos!  El reencuentro se hace esperar, pasan las semanas y no nos vemos, por eso les propongo un intercambio virtual en redacci\u00f3n.<\/p>\n<p><!--more--><br \/>\n<strong>Contemos en pocos p\u00e1rrafos, pero con estilo personal <\/strong>\u00bfqu\u00e9 hacemos los mi\u00e9rcoles cuando no est\u00e1s en redacci\u00f3n?  <strong>Usemos todas las estrategias aprendidas y trabajadas en clases que junto con la &#8220;marca personal&#8221;<\/strong>, pueden dar como resultado <strong>lindos textitos <\/strong>dedicados a todo el <em>grupete<\/em> del que formamos parte en esta aventura de escritua \u00bftienen ganas? vamos, vamos, hay que empezar a desempolvar algunas ideas.<br \/>\nLa propuesta est\u00e1 rodando&#8230;&#8230;&#8230;&#8230;esperamos sus historias&#8230;&#8230;.<\/p>\n","protected":false},"excerpt":{"rendered":"<p>\u00a1Querid\u00edsimos! El reencuentro se hace esperar, pasan las semanas y no nos vemos, por eso les propongo un intercambio virtual en redacci\u00f3n.<\/p>\n","protected":false},"author":19,"featured_media":0,"comment_status":"open","ping_status":"closed","sticky":false,"template":"","format":"standard","meta":{"footnotes":""},"categories":[3],"tags":[],"_links":{"self":[{"href":"https:\/\/redaccion1.fcpolit.unr.edu.ar\/comision-liberatore\/wp-json\/wp\/v2\/posts\/194"}],"collection":[{"href":"https:\/\/redaccion1.fcpolit.unr.edu.ar\/comision-liberatore\/wp-json\/wp\/v2\/posts"}],"about":[{"href":"https:\/\/redaccion1.fcpolit.unr.edu.ar\/comision-liberatore\/wp-json\/wp\/v2\/types\/post"}],"author":[{"embeddable":true,"href":"https:\/\/redaccion1.fcpolit.unr.edu.ar\/comision-liberatore\/wp-json\/wp\/v2\/users\/19"}],"replies":[{"embeddable":true,"href":"https:\/\/redaccion1.fcpolit.unr.edu.ar\/comision-liberatore\/wp-json\/wp\/v2\/comments?post=194"}],"version-history":[{"count":0,"href":"https:\/\/redaccion1.fcpolit.unr.edu.ar\/comision-liberatore\/wp-json\/wp\/v2\/posts\/194\/revisions"}],"wp:attachment":[{"href":"https:\/\/redaccion1.fcpolit.unr.edu.ar\/comision-liberatore\/wp-json\/wp\/v2\/media?parent=194"}],"wp:term":[{"taxonomy":"category","embeddable":true,"href":"https:\/\/redaccion1.fcpolit.unr.edu.ar\/comision-liberatore\/wp-json\/wp\/v2\/categories?post=194"},{"taxonomy":"post_tag","embeddable":true,"href":"https:\/\/redaccion1.fcpolit.unr.edu.ar\/comision-liberatore\/wp-json\/wp\/v2\/tags?post=194"}],"curies":[{"name":"wp","href":"https:\/\/api.w.org\/{rel}","templated":true}]}}