{"id":1931,"date":"2019-10-22T13:19:00","date_gmt":"2019-10-22T13:19:00","guid":{"rendered":"http:\/\/fcpolit.unr.edu.ar\/blogs\/redaccion1-liberatore\/?p=1931"},"modified":"2019-10-22T13:19:00","modified_gmt":"2019-10-22T13:19:00","slug":"noticia","status":"publish","type":"post","link":"https:\/\/redaccion1.fcpolit.unr.edu.ar\/comision-liberatore\/2019\/10\/22\/noticia\/","title":{"rendered":"Noticia"},"content":{"rendered":"<p>Estimad\u00edsimos<\/p>\n<p>En el encuentro del mi\u00e9rcoles participar\u00e1n dos practicantes del Profesorado en Comunicaci\u00f3n Social que se lleva adelante en nuestra facultad.<\/p>\n<p>Como parte de su trayectoria acad\u00e9mica, deben hacer una experiencia de observaci\u00f3n y de propuesta did\u00e1ctica en el nivel terciario, y para ello, desplegar\u00e1n junto con uds, el punto 3 de la unidad de Argumentaci\u00f3n.<\/p>\n<p>Esperamos que puedan aprovechar esta oportunidad de nuevas voces y din\u00e1micas en el aula, as\u00ed como tambi\u00e9n, colaborar con los practicantes.<\/p>\n<p>\u00a1Hasta pronto!<\/p>\n","protected":false},"excerpt":{"rendered":"<p>Estimad\u00edsimos En el encuentro del mi\u00e9rcoles participar\u00e1n dos practicantes del Profesorado en Comunicaci\u00f3n Social que se lleva adelante en nuestra facultad. Como parte de su trayectoria acad\u00e9mica, deben hacer una experiencia de observaci\u00f3n y de propuesta did\u00e1ctica en el nivel terciario, y para ello, desplegar\u00e1n junto con uds, el punto 3 de la unidad de [&hellip;]<\/p>\n","protected":false},"author":16,"featured_media":0,"comment_status":"open","ping_status":"open","sticky":false,"template":"","format":"standard","meta":{"footnotes":""},"categories":[29,7],"tags":[],"_links":{"self":[{"href":"https:\/\/redaccion1.fcpolit.unr.edu.ar\/comision-liberatore\/wp-json\/wp\/v2\/posts\/1931"}],"collection":[{"href":"https:\/\/redaccion1.fcpolit.unr.edu.ar\/comision-liberatore\/wp-json\/wp\/v2\/posts"}],"about":[{"href":"https:\/\/redaccion1.fcpolit.unr.edu.ar\/comision-liberatore\/wp-json\/wp\/v2\/types\/post"}],"author":[{"embeddable":true,"href":"https:\/\/redaccion1.fcpolit.unr.edu.ar\/comision-liberatore\/wp-json\/wp\/v2\/users\/16"}],"replies":[{"embeddable":true,"href":"https:\/\/redaccion1.fcpolit.unr.edu.ar\/comision-liberatore\/wp-json\/wp\/v2\/comments?post=1931"}],"version-history":[{"count":0,"href":"https:\/\/redaccion1.fcpolit.unr.edu.ar\/comision-liberatore\/wp-json\/wp\/v2\/posts\/1931\/revisions"}],"wp:attachment":[{"href":"https:\/\/redaccion1.fcpolit.unr.edu.ar\/comision-liberatore\/wp-json\/wp\/v2\/media?parent=1931"}],"wp:term":[{"taxonomy":"category","embeddable":true,"href":"https:\/\/redaccion1.fcpolit.unr.edu.ar\/comision-liberatore\/wp-json\/wp\/v2\/categories?post=1931"},{"taxonomy":"post_tag","embeddable":true,"href":"https:\/\/redaccion1.fcpolit.unr.edu.ar\/comision-liberatore\/wp-json\/wp\/v2\/tags?post=1931"}],"curies":[{"name":"wp","href":"https:\/\/api.w.org\/{rel}","templated":true}]}}