{"id":1885,"date":"2019-05-26T23:49:38","date_gmt":"2019-05-26T23:49:38","guid":{"rendered":"http:\/\/fcpolit.unr.edu.ar\/blogs\/redaccion1-liberatore\/?p=1885"},"modified":"2019-05-26T23:49:38","modified_gmt":"2019-05-26T23:49:38","slug":"resumen-22-de-mayo","status":"publish","type":"post","link":"https:\/\/redaccion1.fcpolit.unr.edu.ar\/comision-liberatore\/2019\/05\/26\/resumen-22-de-mayo\/","title":{"rendered":"Resumen 22 de mayo"},"content":{"rendered":"<p>Por Luisina G\u00f3mez<\/p>\n<p><a href=\"https:\/\/blogs.fcpolit.unr.edu.ar\/redaccion1-liberatore\/files\/2019\/05\/yo..jpg\"><img loading=\"lazy\" decoding=\"async\" class=\"alignleft size-thumbnail wp-image-1886\" src=\"https:\/\/blogs.fcpolit.unr.edu.ar\/redaccion1-liberatore\/files\/2019\/05\/yo.-150x150.jpg\" alt=\"\" width=\"150\" height=\"150\" \/><\/a>Muy buena ma\u00f1ana, tarde o noche para todos, soy Luisina G\u00f3mez y esta vez me toca a m\u00ed realizar el resumen de la clase del 22\/05. Como todos los mi\u00e9rcoles, la clase empez\u00f3 con las lecturas donde todos (o la gran mayor\u00eda) participamos resumiendo, brevemente, lo que hab\u00edamos le\u00eddo, desde Isabel Allende hasta historias in\u00e9ditas de Wattpad.<\/p>\n<p>Sobre las 20.15hs, pasamos a hablar sobre la teor\u00eda pendiente; las Estrategias. Luego de reflexionar entre todos, nos dispusimos de una lectura silenciosa\u00a0 los textos bases 10, 11 y 12. Con las siguientes consignas pendientes:<\/p>\n<p><em>1- Eleg\u00ed un medio gr\u00e1fico de tu inter\u00e9s o gusto y selecciona 4 art\u00edculos con diferentes macroactos de habla.<\/em><\/p>\n<p><em>2- Identifica cada uno, nominalo y argumenta tu decisi\u00f3n.<\/em><\/p>\n<p><em>\u00a0<\/em>Acordate que hay que entregarlo antes de la pr\u00f3xima clase, que ten\u00e9s que seguir los requisitos de entrega (C\u00e1tedra, Trayecto y Apellido)\u00a0 tambi\u00e9n que, al momento de enviarlo a <a href=\"mailto:ana.comunicacion09@gmai.com\">ana.comunicacion09@gmai.com<\/a> record\u00e1 guardarlo como <em>TuApellido_NombreDelTrabajo <\/em>y en el \u201casunto\u201d (justo abajo del gmail de Ana) debes poner <em>Redaccion1.<\/em><\/p>\n<p><strong>\u00bfQui\u00e9n va a ser el pr\u00f3ximo?<\/strong> Yo no&#8230; (Tal vez Fabricio, quien sabe)<\/p>\n<p>\u00a1Una cosa m\u00e1s! <strong><em>El primer parcial va a ser el 12\/06<\/em><\/strong>, \u00bfYa estar\u00e1s estudiando, no?<\/p>\n","protected":false},"excerpt":{"rendered":"<p>Por Luisina G\u00f3mez Muy buena ma\u00f1ana, tarde o noche para todos, soy Luisina G\u00f3mez y esta vez me toca a m\u00ed realizar el resumen de la clase del 22\/05. Como todos los mi\u00e9rcoles, la clase empez\u00f3 con las lecturas donde todos (o la gran mayor\u00eda) participamos resumiendo, brevemente, lo que hab\u00edamos le\u00eddo, desde Isabel Allende [&hellip;]<\/p>\n","protected":false},"author":16,"featured_media":0,"comment_status":"open","ping_status":"open","sticky":false,"template":"","format":"standard","meta":{"footnotes":""},"categories":[29,27],"tags":[],"_links":{"self":[{"href":"https:\/\/redaccion1.fcpolit.unr.edu.ar\/comision-liberatore\/wp-json\/wp\/v2\/posts\/1885"}],"collection":[{"href":"https:\/\/redaccion1.fcpolit.unr.edu.ar\/comision-liberatore\/wp-json\/wp\/v2\/posts"}],"about":[{"href":"https:\/\/redaccion1.fcpolit.unr.edu.ar\/comision-liberatore\/wp-json\/wp\/v2\/types\/post"}],"author":[{"embeddable":true,"href":"https:\/\/redaccion1.fcpolit.unr.edu.ar\/comision-liberatore\/wp-json\/wp\/v2\/users\/16"}],"replies":[{"embeddable":true,"href":"https:\/\/redaccion1.fcpolit.unr.edu.ar\/comision-liberatore\/wp-json\/wp\/v2\/comments?post=1885"}],"version-history":[{"count":0,"href":"https:\/\/redaccion1.fcpolit.unr.edu.ar\/comision-liberatore\/wp-json\/wp\/v2\/posts\/1885\/revisions"}],"wp:attachment":[{"href":"https:\/\/redaccion1.fcpolit.unr.edu.ar\/comision-liberatore\/wp-json\/wp\/v2\/media?parent=1885"}],"wp:term":[{"taxonomy":"category","embeddable":true,"href":"https:\/\/redaccion1.fcpolit.unr.edu.ar\/comision-liberatore\/wp-json\/wp\/v2\/categories?post=1885"},{"taxonomy":"post_tag","embeddable":true,"href":"https:\/\/redaccion1.fcpolit.unr.edu.ar\/comision-liberatore\/wp-json\/wp\/v2\/tags?post=1885"}],"curies":[{"name":"wp","href":"https:\/\/api.w.org\/{rel}","templated":true}]}}