{"id":187,"date":"2010-06-20T22:46:42","date_gmt":"2010-06-20T22:46:42","guid":{"rendered":"http:\/\/fcpolit.unr.edu.ar\/blogs\/redaccion1-liberatore\/2010\/06\/20\/resumen-de-clase-16-de-junio\/"},"modified":"2010-06-20T22:46:42","modified_gmt":"2010-06-20T22:46:42","slug":"resumen-de-clase-16-de-junio","status":"publish","type":"post","link":"https:\/\/redaccion1.fcpolit.unr.edu.ar\/comision-liberatore\/2010\/06\/20\/resumen-de-clase-16-de-junio\/","title":{"rendered":"Resumen de clase: 16 de junio"},"content":{"rendered":"<p><strong>Clase te\u00f3rica y debate<br \/>\n<\/strong><br \/>\n<img loading=\"lazy\" decoding=\"async\" alt=\"puerta-corredera-con-vinilo-texto.jpg\" src=\"http:\/\/www.bdp.org.ar\/facultad\/catedras\/comsoc\/redaccion1\/liberatore\/puerta-corredera-con-vinilo-texto.jpg\" width=\"120\" height=\"130\" align=\"right\" hspace=\"15\" \/><br \/>\nEn la clase del mi\u00e9rcoles 16, en el aula 101, los alumnos de la comisi\u00f3n de las 19:30 comenzaron el desarrollo de la <a href=\"http:\/\/www.bdp.org.ar\/facultad\/catedras\/comsoc\/redaccion1\/unidades\/2008\/03\/tipologias_de_textos.php\">Unidad III<\/a>. Tuvo lugar tambi\u00e9n, un espacio de debate, en donde se pudieron relacionar los contenidos de dicha unidad con experiencias personales.<\/p>\n<p><!--more--><br \/>\nSe comenz\u00f3 por el <a href=\"http:\/\/www.bdp.org.ar\/facultad\/catedras\/comsoc\/redaccion1\/unidades\/2008\/03\/un_texto_es_un_texto.php\">texto base 1<\/a>, donde se trabaj\u00f3 el concepto de texto, tratando de emplear los aportes de ling\u00fcistas y semi\u00f3logos que han estudiado el tema. Uno de estos aportes es el de Mabel Marro y Amalia Dellamea, en donde a trav\u00e9s de un esquema figurativo c\u00fabico, representan al texto en dimensiones y niveles.<br \/>\nLa clase continu\u00f3 con el<a href=\"http:\/\/www.bdp.org.ar\/facultad\/catedras\/comsoc\/redaccion1\/unidades\/2008\/03\/aproximacion_a_una_tipologia_d.php\"> texto base 2<\/a>, donde se trabaj\u00f3 la tipolog\u00eda de los textos y cinco posibles clasificaciones de los mismos.<br \/>\nAl finalizar la jornada, la profesora Ana Liberatore dej\u00f3 como consigna, para la clase que viene, leer los <a href=\"http:\/\/www.bdp.org.ar\/facultad\/catedras\/comsoc\/redaccion1\/unidades\/2008\/04\/dos_propiedades_del_texto.php\">textos bases I<\/a>, el cual habla de dos propiedades del texto, y el <a href=\"http:\/\/www.bdp.org.ar\/facultad\/catedras\/comsoc\/redaccion1\/unidades\/2008\/04\/coherencia.php\">texto base II<\/a>, que trata sobre la coherencia discursiva, pertenecientes a la unidad cuatro.<br \/>\nTambi\u00e9n, los alumnos deber\u00e1n realizar el trabajo pr\u00e1ctico \u201c<a href=\"http:\/\/www.bdp.org.ar\/facultad\/catedras\/comsoc\/redaccion1\/unidades\/2008\/03\/tipologias_de_textos_1.php\">Tipolog\u00edas de textos<\/a>\u201d teniendo como fecha l\u00edmite de entrega el mi\u00e9rcoles pr\u00f3ximo.<br \/>\nPor \u00faltimo, la profesora volvi\u00f3 a recordar el adelanto de las vacaciones de invierno, y se di\u00f3 una fecha estimativa del 2do parcial del a\u00f1o, el cual ser\u00e1 unas semanas despu\u00e9s del receso invernal.<\/p>\n","protected":false},"excerpt":{"rendered":"<p>Clase te\u00f3rica y debate En la clase del mi\u00e9rcoles 16, en el aula 101, los alumnos de la comisi\u00f3n de las 19:30 comenzaron el desarrollo de la Unidad III. Tuvo lugar tambi\u00e9n, un espacio de debate, en donde se pudieron relacionar los contenidos de dicha unidad con experiencias personales.<\/p>\n","protected":false},"author":23,"featured_media":0,"comment_status":"open","ping_status":"closed","sticky":false,"template":"","format":"standard","meta":{"footnotes":""},"categories":[7],"tags":[],"_links":{"self":[{"href":"https:\/\/redaccion1.fcpolit.unr.edu.ar\/comision-liberatore\/wp-json\/wp\/v2\/posts\/187"}],"collection":[{"href":"https:\/\/redaccion1.fcpolit.unr.edu.ar\/comision-liberatore\/wp-json\/wp\/v2\/posts"}],"about":[{"href":"https:\/\/redaccion1.fcpolit.unr.edu.ar\/comision-liberatore\/wp-json\/wp\/v2\/types\/post"}],"author":[{"embeddable":true,"href":"https:\/\/redaccion1.fcpolit.unr.edu.ar\/comision-liberatore\/wp-json\/wp\/v2\/users\/23"}],"replies":[{"embeddable":true,"href":"https:\/\/redaccion1.fcpolit.unr.edu.ar\/comision-liberatore\/wp-json\/wp\/v2\/comments?post=187"}],"version-history":[{"count":0,"href":"https:\/\/redaccion1.fcpolit.unr.edu.ar\/comision-liberatore\/wp-json\/wp\/v2\/posts\/187\/revisions"}],"wp:attachment":[{"href":"https:\/\/redaccion1.fcpolit.unr.edu.ar\/comision-liberatore\/wp-json\/wp\/v2\/media?parent=187"}],"wp:term":[{"taxonomy":"category","embeddable":true,"href":"https:\/\/redaccion1.fcpolit.unr.edu.ar\/comision-liberatore\/wp-json\/wp\/v2\/categories?post=187"},{"taxonomy":"post_tag","embeddable":true,"href":"https:\/\/redaccion1.fcpolit.unr.edu.ar\/comision-liberatore\/wp-json\/wp\/v2\/tags?post=187"}],"curies":[{"name":"wp","href":"https:\/\/api.w.org\/{rel}","templated":true}]}}