{"id":185,"date":"2010-06-15T00:30:11","date_gmt":"2010-06-15T00:30:11","guid":{"rendered":"http:\/\/fcpolit.unr.edu.ar\/blogs\/redaccion1-liberatore\/2010\/06\/15\/resumen-de-clase-09-de-junio\/"},"modified":"2010-06-15T00:30:11","modified_gmt":"2010-06-15T00:30:11","slug":"resumen-de-clase-09-de-junio","status":"publish","type":"post","link":"https:\/\/redaccion1.fcpolit.unr.edu.ar\/comision-liberatore\/2010\/06\/15\/resumen-de-clase-09-de-junio\/","title":{"rendered":"Resumen de clase: 09 de junio"},"content":{"rendered":"<p><strong>La comisi\u00f3n n\u00ba 7 termino la unidad II<\/strong><br \/>\n<img loading=\"lazy\" decoding=\"async\" alt=\"20080614-lector.jpg\" src=\"http:\/\/www.bdp.org.ar\/facultad\/catedras\/comsoc\/redaccion1\/liberatore\/20080614-lector.jpg\" width=\"300\" height=\"372\" \/><br \/>\nLa clase del mi\u00e9rcoles 9 de junio del 2010 comenz\u00f3 con la entrega de los parciales realizados la semana anterior. La profesora Ana Laura Liberatore comunic\u00f3 a la clase que el receso invernal se adelant\u00f3 para el 5 de julio. Remarc\u00f3 que es necesario mantener el ritmo de trabajo para poder terminar la unidad IV del programa de la materia antes de las vacaciones.<\/p>\n<p><!--more--><br \/>\nLuego de la introducci\u00f3n que realiz\u00f3 la profesora sobre el porvenir de la comisi\u00f3n de las 19:30hs se comenz\u00f3 a avanzar sobre la unidad II. Esta \u00faltima tiene al lector como protagonista. Se desarrollaron los respectivos textos bases y fuentes. La clase se dio de forma din\u00e1mica aunque la profesora no dej\u00f3 de remarcar la falta de compromiso con la teor\u00eda.<br \/>\nSe explic\u00f3 cu\u00e1l es el rol del lector y qu\u00e9 tareas se ponen en juego a la hora de comprender un texto. Tambi\u00e9n se aclararon los conceptos: estado afectivo, cognitivo y metacognitivo.<br \/>\nSeguidamente al terminar las explicaciones y al aclararse las dudas sobre los temas dados la docente dio un pr\u00e1ctico para realizar en clase. \u00c9ste se llamaba \u201cLos chicos de la calle\u201d y la  consigna era analizar, en las dos canciones de Fito P\u00e1ez, las tareas del lector que se ponen en juego a la hora de comprender.<br \/>\nPara la clase que viene los alumnos deber\u00e1n avanzar sobre la unidad III. Los estudiantes que no aprobaron el parcial tendr\u00e1n el recuperatorio la semana entrante en el horario de clases. Por \u00faltimo, Juan (el ayudante de c\u00e1tedra) record\u00f3 las consignas de la actividad del Bicentenario y dio un consejo a los estudiantes: constancia con el Weblog.<\/p>\n","protected":false},"excerpt":{"rendered":"<p>La comisi\u00f3n n\u00ba 7 termino la unidad II La clase del mi\u00e9rcoles 9 de junio del 2010 comenz\u00f3 con la entrega de los parciales realizados la semana anterior. La profesora Ana Laura Liberatore comunic\u00f3 a la clase que el receso invernal se adelant\u00f3 para el 5 de julio. Remarc\u00f3 que es necesario mantener el ritmo [&hellip;]<\/p>\n","protected":false},"author":23,"featured_media":0,"comment_status":"open","ping_status":"closed","sticky":false,"template":"","format":"standard","meta":{"footnotes":""},"categories":[7],"tags":[],"_links":{"self":[{"href":"https:\/\/redaccion1.fcpolit.unr.edu.ar\/comision-liberatore\/wp-json\/wp\/v2\/posts\/185"}],"collection":[{"href":"https:\/\/redaccion1.fcpolit.unr.edu.ar\/comision-liberatore\/wp-json\/wp\/v2\/posts"}],"about":[{"href":"https:\/\/redaccion1.fcpolit.unr.edu.ar\/comision-liberatore\/wp-json\/wp\/v2\/types\/post"}],"author":[{"embeddable":true,"href":"https:\/\/redaccion1.fcpolit.unr.edu.ar\/comision-liberatore\/wp-json\/wp\/v2\/users\/23"}],"replies":[{"embeddable":true,"href":"https:\/\/redaccion1.fcpolit.unr.edu.ar\/comision-liberatore\/wp-json\/wp\/v2\/comments?post=185"}],"version-history":[{"count":0,"href":"https:\/\/redaccion1.fcpolit.unr.edu.ar\/comision-liberatore\/wp-json\/wp\/v2\/posts\/185\/revisions"}],"wp:attachment":[{"href":"https:\/\/redaccion1.fcpolit.unr.edu.ar\/comision-liberatore\/wp-json\/wp\/v2\/media?parent=185"}],"wp:term":[{"taxonomy":"category","embeddable":true,"href":"https:\/\/redaccion1.fcpolit.unr.edu.ar\/comision-liberatore\/wp-json\/wp\/v2\/categories?post=185"},{"taxonomy":"post_tag","embeddable":true,"href":"https:\/\/redaccion1.fcpolit.unr.edu.ar\/comision-liberatore\/wp-json\/wp\/v2\/tags?post=185"}],"curies":[{"name":"wp","href":"https:\/\/api.w.org\/{rel}","templated":true}]}}