{"id":1830,"date":"2018-11-01T18:13:37","date_gmt":"2018-11-01T18:13:37","guid":{"rendered":"http:\/\/fcpolit.unr.edu.ar\/blogs\/redaccion1-liberatore\/?p=1830"},"modified":"2018-11-01T18:13:37","modified_gmt":"2018-11-01T18:13:37","slug":"clase-31-09-1700hs","status":"publish","type":"post","link":"https:\/\/redaccion1.fcpolit.unr.edu.ar\/comision-liberatore\/2018\/11\/01\/clase-31-09-1700hs\/","title":{"rendered":"Clase 31\/09 &#8211; 17:00hs"},"content":{"rendered":"<p><a href=\"https:\/\/blogs.fcpolit.unr.edu.ar\/redaccion1-liberatore\/files\/2018\/11\/3.png\"><img loading=\"lazy\" decoding=\"async\" class=\"alignnone size-medium wp-image-1831\" src=\"https:\/\/blogs.fcpolit.unr.edu.ar\/redaccion1-liberatore\/files\/2018\/11\/3-300x171.png\" alt=\"\" width=\"300\" height=\"171\" \/><\/a><\/p>\n<p>\u00a1Hola! \u00bfC\u00f3mo est\u00e1n?<\/p>\n<p>Comenzamos el encuentro de ayer intercambiando ideas e inquietudes sobre el tema que cada estudiante debe elegir para realizar el trabajo final. Tienen que enviar por correo la macroestructura y un p\u00e1rrafo que especifique y delimite la tem\u00e1tica a trabajar, como as\u00ed tambi\u00e9n con qu\u00e9 recursos de informaci\u00f3n cuentan. Si van a realizar encuestas o entrevistas como modo de recolectar la informaci\u00f3n, env\u00eden tambi\u00e9n una lista de preguntas y a qui\u00e9nes se las realizar\u00edan. Es importante que vayamos cerrando esta primera parte para poder avanzar de lleno en la propuesta de trabajo final.<\/p>\n<p><!--more--><\/p>\n<p>En un segundo momento de la clase, abordamos la unidad 6 sobre narratividad y trabajamos contenidos fundamentales como la superestructura narrativa seg\u00fan la plantea Teun Van Dijk, quien presenta las categor\u00edas que se pueden identificar en un relato o narraci\u00f3n. Conversamos sobre este tipo de textos y su diferencias con otros -como los argumentativos- sus especificidades, vinculamos el tema con coherencia y cohesi\u00f3n y la noci\u00f3n de &#8220;mundo posible&#8221; como construcciones para generar sensaci\u00f3n de verosimilitud.<\/p>\n<p>Tambi\u00e9n conversamos sobre la superestructura de textos de instrucciones y para la clase que viene deben realizar el trabajo pr\u00e1ctico <a href=\"https:\/\/blogs-fcpolit.unr.edu.ar\/programa\/2008\/03\/17\/algo-de-lo-que-vos-sabes-hacer\/\">&#8220;Algo de lo que vos sab\u00e9s hacer&#8221;<\/a> que\u00a0\u00a0tiene como prop\u00f3sito poner en pr\u00e1ctica lo que aprendimos sobre macroestructuras, superestructuras y actos de habla para obtener un\u00a0<a href=\"https:\/\/blogs.fcpolit.unr.edu.ar\/programa\/2008\/03\/18\/superestructura-del-texto-de-instrucciones-ana-maria-margarit\/\" target=\"_blank\" rel=\"noopener\">texto de instrucciones<\/a>.<\/p>\n<p>Recuerden que el pr\u00f3ximo mi\u00e9rcoles (7-11) se realizar\u00e1 el tercer parcial, que incluye lo que trabajamos hasta Coherencia y Cohesi\u00f3n (es decir, no abarca lo trabajado en la \u00faltima clase sobre narratividad).<\/p>\n<p>Esperamos que tengan una buena semana y a ponerse las pilas que se nos viene el agua!<\/p>\n<p>Abrazos,<\/p>\n<p>Dani.<\/p>\n<p>&nbsp;<\/p>\n<p>&nbsp;<\/p>\n<p>&nbsp;<\/p>\n","protected":false},"excerpt":{"rendered":"<p>\u00a1Hola! \u00bfC\u00f3mo est\u00e1n? Comenzamos el encuentro de ayer intercambiando ideas e inquietudes sobre el tema que cada estudiante debe elegir para realizar el trabajo final. Tienen que enviar por correo la macroestructura y un p\u00e1rrafo que especifique y delimite la tem\u00e1tica a trabajar, como as\u00ed tambi\u00e9n con qu\u00e9 recursos de informaci\u00f3n cuentan. Si van a [&hellip;]<\/p>\n","protected":false},"author":25,"featured_media":0,"comment_status":"open","ping_status":"open","sticky":false,"template":"","format":"standard","meta":{"footnotes":""},"categories":[1],"tags":[],"_links":{"self":[{"href":"https:\/\/redaccion1.fcpolit.unr.edu.ar\/comision-liberatore\/wp-json\/wp\/v2\/posts\/1830"}],"collection":[{"href":"https:\/\/redaccion1.fcpolit.unr.edu.ar\/comision-liberatore\/wp-json\/wp\/v2\/posts"}],"about":[{"href":"https:\/\/redaccion1.fcpolit.unr.edu.ar\/comision-liberatore\/wp-json\/wp\/v2\/types\/post"}],"author":[{"embeddable":true,"href":"https:\/\/redaccion1.fcpolit.unr.edu.ar\/comision-liberatore\/wp-json\/wp\/v2\/users\/25"}],"replies":[{"embeddable":true,"href":"https:\/\/redaccion1.fcpolit.unr.edu.ar\/comision-liberatore\/wp-json\/wp\/v2\/comments?post=1830"}],"version-history":[{"count":0,"href":"https:\/\/redaccion1.fcpolit.unr.edu.ar\/comision-liberatore\/wp-json\/wp\/v2\/posts\/1830\/revisions"}],"wp:attachment":[{"href":"https:\/\/redaccion1.fcpolit.unr.edu.ar\/comision-liberatore\/wp-json\/wp\/v2\/media?parent=1830"}],"wp:term":[{"taxonomy":"category","embeddable":true,"href":"https:\/\/redaccion1.fcpolit.unr.edu.ar\/comision-liberatore\/wp-json\/wp\/v2\/categories?post=1830"},{"taxonomy":"post_tag","embeddable":true,"href":"https:\/\/redaccion1.fcpolit.unr.edu.ar\/comision-liberatore\/wp-json\/wp\/v2\/tags?post=1830"}],"curies":[{"name":"wp","href":"https:\/\/api.w.org\/{rel}","templated":true}]}}