{"id":1760,"date":"2018-06-10T20:34:34","date_gmt":"2018-06-10T20:34:34","guid":{"rendered":"http:\/\/fcpolit.unr.edu.ar\/blogs\/redaccion1-liberatore\/?p=1760"},"modified":"2018-06-10T20:34:34","modified_gmt":"2018-06-10T20:34:34","slug":"resumen-de-la-clase","status":"publish","type":"post","link":"https:\/\/redaccion1.fcpolit.unr.edu.ar\/comision-liberatore\/2018\/06\/10\/resumen-de-la-clase\/","title":{"rendered":"Resumen de la clase."},"content":{"rendered":"<p>Por Pablo Chiaramonte<\/p>\n<p>Como todos los d\u00edas mi\u00e9rcoles, los alumnos se dieron cita a las 19:30 en el \u00e1rea de multimedia, en esta ocasi\u00f3n para la correspondiente clase del 6 de junio.<!--more--><\/p>\n<p>Ya de noche, comenz\u00f3 el intercambio de las noticias le\u00eddas por los estudiantes, como ya es costumbre, la variedad de textos hizo interesante el taller de lectura. Compartieron tantos art\u00edculos de \u00edndole internacional hasta deportivos, pasando por cuestiones pol\u00edticas, sociales, econ\u00f3micas y de espect\u00e1culos.<\/p>\n<p>Antes de comenzar la clase formalmente, Ana Laura pregunto si alguno ten\u00eda dudas acerca de los textos anteriores, lo que continuo la aclaraci\u00f3n de algunos conceptos espec\u00edficos, como \u201cSem\u00e1ntica\u201d y \u201cSigno\u201d. Luego de esto, se hizo hincapi\u00e9 en los textos \u201cEstrategias para establecer la coherencia local\u201d (Texto base nro. 12 de la unidad 1) y \u201cDefiniciones y estructura\u201d (Texto base nro. 2 de la unidad 8). En estos mismos, aparecen conceptos importantes para la materia como el de mundo posible, la referencia, la importancia de la pir\u00e1mide invertida y las partes que debe poseer una noticia.<\/p>\n<p>Antes de finalizar el encuentro, la docente record\u00f3 que la clase siguiente (el 14 de junio) es el primer parcial, pero que al coincidir con el paro general y la manifestaci\u00f3n en la ciudad de Buenos Aires, los alumnos que quieran asistir a la misma estar\u00e1n desobligados y su parcial ser\u00e1 reprogramado siempre y cuando lleven el comprobante de que asistieron a dicha marcha.<\/p>\n","protected":false},"excerpt":{"rendered":"<p>Por Pablo Chiaramonte Como todos los d\u00edas mi\u00e9rcoles, los alumnos se dieron cita a las 19:30 en el \u00e1rea de multimedia, en esta ocasi\u00f3n para la correspondiente clase del 6 de junio.<\/p>\n","protected":false},"author":16,"featured_media":0,"comment_status":"open","ping_status":"open","sticky":false,"template":"","format":"standard","meta":{"footnotes":""},"categories":[26,27],"tags":[],"_links":{"self":[{"href":"https:\/\/redaccion1.fcpolit.unr.edu.ar\/comision-liberatore\/wp-json\/wp\/v2\/posts\/1760"}],"collection":[{"href":"https:\/\/redaccion1.fcpolit.unr.edu.ar\/comision-liberatore\/wp-json\/wp\/v2\/posts"}],"about":[{"href":"https:\/\/redaccion1.fcpolit.unr.edu.ar\/comision-liberatore\/wp-json\/wp\/v2\/types\/post"}],"author":[{"embeddable":true,"href":"https:\/\/redaccion1.fcpolit.unr.edu.ar\/comision-liberatore\/wp-json\/wp\/v2\/users\/16"}],"replies":[{"embeddable":true,"href":"https:\/\/redaccion1.fcpolit.unr.edu.ar\/comision-liberatore\/wp-json\/wp\/v2\/comments?post=1760"}],"version-history":[{"count":0,"href":"https:\/\/redaccion1.fcpolit.unr.edu.ar\/comision-liberatore\/wp-json\/wp\/v2\/posts\/1760\/revisions"}],"wp:attachment":[{"href":"https:\/\/redaccion1.fcpolit.unr.edu.ar\/comision-liberatore\/wp-json\/wp\/v2\/media?parent=1760"}],"wp:term":[{"taxonomy":"category","embeddable":true,"href":"https:\/\/redaccion1.fcpolit.unr.edu.ar\/comision-liberatore\/wp-json\/wp\/v2\/categories?post=1760"},{"taxonomy":"post_tag","embeddable":true,"href":"https:\/\/redaccion1.fcpolit.unr.edu.ar\/comision-liberatore\/wp-json\/wp\/v2\/tags?post=1760"}],"curies":[{"name":"wp","href":"https:\/\/api.w.org\/{rel}","templated":true}]}}